{"id":1636,"date":"2023-05-16T12:19:00","date_gmt":"2023-05-16T10:19:00","guid":{"rendered":"https:\/\/ferrettogroup.websitesimple.it\/?p=1636"},"modified":"2024-05-03T13:54:48","modified_gmt":"2024-05-03T11:54:48","slug":"vertimag-est-le-protagoniste-des-journees-de-lindustrie-en-hongrie","status":"publish","type":"post","link":"https:\/\/ferretto.com\/fr\/vertimag-est-le-protagoniste-des-journees-de-lindustrie-en-hongrie\/","title":{"rendered":"VERTIMAG EST LE PROTAGONISTE DES JOURN\u00c9ES DE L&rsquo;INDUSTRIE EN HONGRIE"},"content":{"rendered":"\n<p>Une nouvelle vitrine internationale pour\u00a0<a href=\"https:\/\/www.ferrettogroup.com\/index.cfm\/fr\/solutions\/entrepots-automatiques-verticaux\/entrepot-automatiques-verticaux-vertimag\/\"><strong>Vertimag<\/strong><\/a>. Apr\u00e8s avoir suscit\u00e9 un vif int\u00e9r\u00eat lors du salon LogiMAT de Stuttgart, le stockeur automatique vertical de Ferretto sera l&rsquo;attraction principale des\u00a0<strong>Journ\u00e9es de l&rsquo;industrie<\/strong>\u00a0(Ipar Napjai) de\u00a0<strong>Budapest<\/strong>. Cette manifestation, qui aura lieu du 16 au 19 mai, est un important \u00e9v\u00e9nement international consacr\u00e9 au secteur industriel. C\u2019est dans les espaces d\u2019exposition du salon hongrois que Laune &#8211; partenaire de Ferretto &#8211; pr\u00e9sentera les avantages concrets que la derni\u00e8re g\u00e9n\u00e9ration de Vertimag garantit aux entreprises de tout secteur industriel gr\u00e2ce \u00e0 sa capacit\u00e9 \u00e0 manipuler des mat\u00e9riaux de tous formats, poids et tailles. Les visiteurs auront l\u2019occasion de voir comment cette solution automatis\u00e9e permet d&rsquo;\u00e9conomiser de l&rsquo;espace &#8211; en r\u00e9duisant la surface occup\u00e9e au sol \u00e0 1\/10\u00e8me de celle d\u2019un entrep\u00f4t traditionnel -, de r\u00e9pondre \u00e0 des besoins de stockage sp\u00e9cifiques gr\u00e2ce \u00e0 une gamme de 120 combinaisons de tailles de plateaux,, et d&rsquo;assurer les meilleures conditions de travail pour les op\u00e9rateurs \u00e0 travers 6 types de baies diff\u00e9rentes, dont la baie exclusive Ergo-Tech. Cette derni\u00e8re offre une ergonomie parfaite \u00e0 l&rsquo;op\u00e9rateur lors des activit\u00e9s de picking et assure \u00e9galement les flux d&rsquo;une double baie, en augmentant ainsi la productivit\u00e9.<br>Laune et Vertimag attendent les visiteurs au\u00a0<strong>stand A 210C<\/strong>.<\/p>\n","protected":false},"excerpt":{"rendered":"<p>Une nouvelle vitrine internationale pour\u00a0Vertimag. Apr\u00e8s avoir suscit\u00e9 un vif int\u00e9r\u00eat lors du salon LogiMAT de Stuttgart, le stockeur automatique vertical de Ferretto sera l&rsquo;attraction principale des\u00a0Journ\u00e9es de l&rsquo;industrie\u00a0(Ipar Napjai) de\u00a0Budapest. Cette manifestation, qui aura lieu du 16 au 19 mai, est un important \u00e9v\u00e9nement international consacr\u00e9 au secteur industriel. C\u2019est dans les espaces d\u2019exposition [&hellip;]<\/p>\n","protected":false},"author":2,"featured_media":3418,"comment_status":"closed","ping_status":"closed","sticky":false,"template":"","format":"standard","meta":{"_acf_changed":false,"footnotes":""},"categories":[64],"tags":[],"class_list":["post-1636","post","type-post","status-publish","format-standard","has-post-thumbnail","hentry","category-news-eventi-fr"],"acf":[],"yoast_head":"<!-- This site is optimized with the Yoast SEO plugin v27.0 - https:\/\/yoast.com\/product\/yoast-seo-wordpress\/ -->\n<title>VERTIMAG EST LE PROTAGONISTE DES JOURN\u00c9ES DE L&#039;INDUSTRIE EN HONGRIE - Ferretto SpA<\/title>\n<meta name=\"robots\" content=\"index, follow, max-snippet:-1, max-image-preview:large, max-video-preview:-1\" \/>\n<link rel=\"canonical\" href=\"https:\/\/ferretto.com\/vertimag-e-protagonista-agli-industry-days-in-ungheria\/\" \/>\n<meta property=\"og:locale\" content=\"fr_FR\" \/>\n<meta property=\"og:type\" content=\"article\" \/>\n<meta property=\"og:title\" content=\"VERTIMAG EST LE PROTAGONISTE DES JOURN\u00c9ES DE L&#039;INDUSTRIE EN HONGRIE - Ferretto SpA\" \/>\n<meta property=\"og:description\" content=\"Une nouvelle vitrine internationale pour\u00a0Vertimag. Apr\u00e8s avoir suscit\u00e9 un vif int\u00e9r\u00eat lors du salon LogiMAT de Stuttgart, le stockeur automatique vertical de Ferretto sera l&rsquo;attraction principale des\u00a0Journ\u00e9es de l&rsquo;industrie\u00a0(Ipar Napjai) de\u00a0Budapest. Cette manifestation, qui aura lieu du 16 au 19 mai, est un important \u00e9v\u00e9nement international consacr\u00e9 au secteur industriel. C\u2019est dans les espaces d\u2019exposition [&hellip;]\" \/>\n<meta property=\"og:url\" content=\"https:\/\/ferretto.com\/vertimag-e-protagonista-agli-industry-days-in-ungheria\/\" \/>\n<meta property=\"og:site_name\" content=\"Ferretto SpA\" \/>\n<meta property=\"article:published_time\" content=\"2023-05-16T10:19:00+00:00\" \/>\n<meta property=\"article:modified_time\" content=\"2024-05-03T11:54:48+00:00\" \/>\n<meta property=\"og:image\" content=\"https:\/\/ferretto.com\/wp-content\/uploads\/2023\/10\/Industry-days-ungheria.png\" \/>\n\t<meta property=\"og:image:width\" content=\"800\" \/>\n\t<meta property=\"og:image:height\" content=\"600\" \/>\n\t<meta property=\"og:image:type\" content=\"image\/png\" \/>\n<meta name=\"author\" content=\"ferrettogroup\" \/>\n<meta name=\"twitter:card\" content=\"summary_large_image\" \/>\n<meta name=\"twitter:label1\" content=\"\u00c9crit par\" \/>\n\t<meta name=\"twitter:data1\" content=\"ferrettogroup\" \/>\n\t<meta name=\"twitter:label2\" content=\"Dur\u00e9e de lecture estim\u00e9e\" \/>\n\t<meta name=\"twitter:data2\" content=\"2 minutes\" \/>\n<script type=\"application\/ld+json\" class=\"yoast-schema-graph\">{\"@context\":\"https:\/\/schema.org\",\"@graph\":[{\"@type\":\"Article\",\"@id\":\"https:\/\/ferretto.com\/vertimag-e-protagonista-agli-industry-days-in-ungheria\/#article\",\"isPartOf\":{\"@id\":\"https:\/\/ferretto.com\/vertimag-e-protagonista-agli-industry-days-in-ungheria\/\"},\"author\":{\"name\":\"ferrettogroup\",\"@id\":\"https:\/\/ferretto.com\/#\/schema\/person\/ec7d140166a8c5e6fcbd82a0b0775168\"},\"headline\":\"VERTIMAG EST LE PROTAGONISTE DES JOURN\u00c9ES DE L&rsquo;INDUSTRIE EN HONGRIE\",\"datePublished\":\"2023-05-16T10:19:00+00:00\",\"dateModified\":\"2024-05-03T11:54:48+00:00\",\"mainEntityOfPage\":{\"@id\":\"https:\/\/ferretto.com\/vertimag-e-protagonista-agli-industry-days-in-ungheria\/\"},\"wordCount\":242,\"publisher\":{\"@id\":\"https:\/\/ferretto.com\/#organization\"},\"image\":{\"@id\":\"https:\/\/ferretto.com\/vertimag-e-protagonista-agli-industry-days-in-ungheria\/#primaryimage\"},\"thumbnailUrl\":\"https:\/\/ferretto.com\/wp-content\/uploads\/2023\/10\/Industry-days-ungheria.png\",\"articleSection\":[\"News \/ Eventi\"],\"inLanguage\":\"fr-FR\"},{\"@type\":\"WebPage\",\"@id\":\"https:\/\/ferretto.com\/vertimag-e-protagonista-agli-industry-days-in-ungheria\/\",\"url\":\"https:\/\/ferretto.com\/vertimag-e-protagonista-agli-industry-days-in-ungheria\/\",\"name\":\"VERTIMAG EST LE PROTAGONISTE DES JOURN\u00c9ES DE L'INDUSTRIE EN HONGRIE - Ferretto SpA\",\"isPartOf\":{\"@id\":\"https:\/\/ferretto.com\/#website\"},\"primaryImageOfPage\":{\"@id\":\"https:\/\/ferretto.com\/vertimag-e-protagonista-agli-industry-days-in-ungheria\/#primaryimage\"},\"image\":{\"@id\":\"https:\/\/ferretto.com\/vertimag-e-protagonista-agli-industry-days-in-ungheria\/#primaryimage\"},\"thumbnailUrl\":\"https:\/\/ferretto.com\/wp-content\/uploads\/2023\/10\/Industry-days-ungheria.png\",\"datePublished\":\"2023-05-16T10:19:00+00:00\",\"dateModified\":\"2024-05-03T11:54:48+00:00\",\"breadcrumb\":{\"@id\":\"https:\/\/ferretto.com\/vertimag-e-protagonista-agli-industry-days-in-ungheria\/#breadcrumb\"},\"inLanguage\":\"fr-FR\",\"potentialAction\":[{\"@type\":\"ReadAction\",\"target\":[\"https:\/\/ferretto.com\/vertimag-e-protagonista-agli-industry-days-in-ungheria\/\"]}]},{\"@type\":\"ImageObject\",\"inLanguage\":\"fr-FR\",\"@id\":\"https:\/\/ferretto.com\/vertimag-e-protagonista-agli-industry-days-in-ungheria\/#primaryimage\",\"url\":\"https:\/\/ferretto.com\/wp-content\/uploads\/2023\/10\/Industry-days-ungheria.png\",\"contentUrl\":\"https:\/\/ferretto.com\/wp-content\/uploads\/2023\/10\/Industry-days-ungheria.png\",\"width\":800,\"height\":600,\"caption\":\"Industry Days 2023 Ungheria\"},{\"@type\":\"BreadcrumbList\",\"@id\":\"https:\/\/ferretto.com\/vertimag-e-protagonista-agli-industry-days-in-ungheria\/#breadcrumb\",\"itemListElement\":[{\"@type\":\"ListItem\",\"position\":1,\"name\":\"Home\",\"item\":\"https:\/\/ferretto.com\/\"},{\"@type\":\"ListItem\",\"position\":2,\"name\":\"VERTIMAG EST LE PROTAGONISTE DES JOURN\u00c9ES DE L&#8217;INDUSTRIE EN HONGRIE\"}]},{\"@type\":\"WebSite\",\"@id\":\"https:\/\/ferretto.com\/#website\",\"url\":\"https:\/\/ferretto.com\/\",\"name\":\"Ferretto SPA\",\"description\":\"\",\"publisher\":{\"@id\":\"https:\/\/ferretto.com\/#organization\"},\"potentialAction\":[{\"@type\":\"SearchAction\",\"target\":{\"@type\":\"EntryPoint\",\"urlTemplate\":\"https:\/\/ferretto.com\/?s={search_term_string}\"},\"query-input\":{\"@type\":\"PropertyValueSpecification\",\"valueRequired\":true,\"valueName\":\"search_term_string\"}}],\"inLanguage\":\"fr-FR\"},{\"@type\":\"Organization\",\"@id\":\"https:\/\/ferretto.com\/#organization\",\"name\":\"Ferretto SPA\",\"url\":\"https:\/\/ferretto.com\/\",\"logo\":{\"@type\":\"ImageObject\",\"inLanguage\":\"fr-FR\",\"@id\":\"https:\/\/ferretto.com\/#\/schema\/logo\/image\/\",\"url\":\"https:\/\/ferretto.com\/wp-content\/uploads\/2024\/02\/FERRETTO-logo-orizz-con-payoff-col.png\",\"contentUrl\":\"https:\/\/ferretto.com\/wp-content\/uploads\/2024\/02\/FERRETTO-logo-orizz-con-payoff-col.png\",\"width\":3190,\"height\":598,\"caption\":\"Ferretto SPA\"},\"image\":{\"@id\":\"https:\/\/ferretto.com\/#\/schema\/logo\/image\/\"}},{\"@type\":\"Person\",\"@id\":\"https:\/\/ferretto.com\/#\/schema\/person\/ec7d140166a8c5e6fcbd82a0b0775168\",\"name\":\"ferrettogroup\",\"url\":\"https:\/\/ferretto.com\/fr\/author\/ferrettogroup\/\"}]}<\/script>\n<!-- \/ Yoast SEO plugin. -->","yoast_head_json":{"title":"VERTIMAG EST LE PROTAGONISTE DES JOURN\u00c9ES DE L'INDUSTRIE EN HONGRIE - Ferretto SpA","robots":{"index":"index","follow":"follow","max-snippet":"max-snippet:-1","max-image-preview":"max-image-preview:large","max-video-preview":"max-video-preview:-1"},"canonical":"https:\/\/ferretto.com\/vertimag-e-protagonista-agli-industry-days-in-ungheria\/","og_locale":"fr_FR","og_type":"article","og_title":"VERTIMAG EST LE PROTAGONISTE DES JOURN\u00c9ES DE L'INDUSTRIE EN HONGRIE - Ferretto SpA","og_description":"Une nouvelle vitrine internationale pour\u00a0Vertimag. Apr\u00e8s avoir suscit\u00e9 un vif int\u00e9r\u00eat lors du salon LogiMAT de Stuttgart, le stockeur automatique vertical de Ferretto sera l&rsquo;attraction principale des\u00a0Journ\u00e9es de l&rsquo;industrie\u00a0(Ipar Napjai) de\u00a0Budapest. Cette manifestation, qui aura lieu du 16 au 19 mai, est un important \u00e9v\u00e9nement international consacr\u00e9 au secteur industriel. C\u2019est dans les espaces d\u2019exposition [&hellip;]","og_url":"https:\/\/ferretto.com\/vertimag-e-protagonista-agli-industry-days-in-ungheria\/","og_site_name":"Ferretto SpA","article_published_time":"2023-05-16T10:19:00+00:00","article_modified_time":"2024-05-03T11:54:48+00:00","og_image":[{"width":800,"height":600,"url":"https:\/\/ferretto.com\/wp-content\/uploads\/2023\/10\/Industry-days-ungheria.png","type":"image\/png"}],"author":"ferrettogroup","twitter_card":"summary_large_image","twitter_misc":{"\u00c9crit par":"ferrettogroup","Dur\u00e9e de lecture estim\u00e9e":"2 minutes"},"schema":{"@context":"https:\/\/schema.org","@graph":[{"@type":"Article","@id":"https:\/\/ferretto.com\/vertimag-e-protagonista-agli-industry-days-in-ungheria\/#article","isPartOf":{"@id":"https:\/\/ferretto.com\/vertimag-e-protagonista-agli-industry-days-in-ungheria\/"},"author":{"name":"ferrettogroup","@id":"https:\/\/ferretto.com\/#\/schema\/person\/ec7d140166a8c5e6fcbd82a0b0775168"},"headline":"VERTIMAG EST LE PROTAGONISTE DES JOURN\u00c9ES DE L&rsquo;INDUSTRIE EN HONGRIE","datePublished":"2023-05-16T10:19:00+00:00","dateModified":"2024-05-03T11:54:48+00:00","mainEntityOfPage":{"@id":"https:\/\/ferretto.com\/vertimag-e-protagonista-agli-industry-days-in-ungheria\/"},"wordCount":242,"publisher":{"@id":"https:\/\/ferretto.com\/#organization"},"image":{"@id":"https:\/\/ferretto.com\/vertimag-e-protagonista-agli-industry-days-in-ungheria\/#primaryimage"},"thumbnailUrl":"https:\/\/ferretto.com\/wp-content\/uploads\/2023\/10\/Industry-days-ungheria.png","articleSection":["News \/ Eventi"],"inLanguage":"fr-FR"},{"@type":"WebPage","@id":"https:\/\/ferretto.com\/vertimag-e-protagonista-agli-industry-days-in-ungheria\/","url":"https:\/\/ferretto.com\/vertimag-e-protagonista-agli-industry-days-in-ungheria\/","name":"VERTIMAG EST LE PROTAGONISTE DES JOURN\u00c9ES DE L'INDUSTRIE EN HONGRIE - Ferretto SpA","isPartOf":{"@id":"https:\/\/ferretto.com\/#website"},"primaryImageOfPage":{"@id":"https:\/\/ferretto.com\/vertimag-e-protagonista-agli-industry-days-in-ungheria\/#primaryimage"},"image":{"@id":"https:\/\/ferretto.com\/vertimag-e-protagonista-agli-industry-days-in-ungheria\/#primaryimage"},"thumbnailUrl":"https:\/\/ferretto.com\/wp-content\/uploads\/2023\/10\/Industry-days-ungheria.png","datePublished":"2023-05-16T10:19:00+00:00","dateModified":"2024-05-03T11:54:48+00:00","breadcrumb":{"@id":"https:\/\/ferretto.com\/vertimag-e-protagonista-agli-industry-days-in-ungheria\/#breadcrumb"},"inLanguage":"fr-FR","potentialAction":[{"@type":"ReadAction","target":["https:\/\/ferretto.com\/vertimag-e-protagonista-agli-industry-days-in-ungheria\/"]}]},{"@type":"ImageObject","inLanguage":"fr-FR","@id":"https:\/\/ferretto.com\/vertimag-e-protagonista-agli-industry-days-in-ungheria\/#primaryimage","url":"https:\/\/ferretto.com\/wp-content\/uploads\/2023\/10\/Industry-days-ungheria.png","contentUrl":"https:\/\/ferretto.com\/wp-content\/uploads\/2023\/10\/Industry-days-ungheria.png","width":800,"height":600,"caption":"Industry Days 2023 Ungheria"},{"@type":"BreadcrumbList","@id":"https:\/\/ferretto.com\/vertimag-e-protagonista-agli-industry-days-in-ungheria\/#breadcrumb","itemListElement":[{"@type":"ListItem","position":1,"name":"Home","item":"https:\/\/ferretto.com\/"},{"@type":"ListItem","position":2,"name":"VERTIMAG EST LE PROTAGONISTE DES JOURN\u00c9ES DE L&#8217;INDUSTRIE EN HONGRIE"}]},{"@type":"WebSite","@id":"https:\/\/ferretto.com\/#website","url":"https:\/\/ferretto.com\/","name":"Ferretto SPA","description":"","publisher":{"@id":"https:\/\/ferretto.com\/#organization"},"potentialAction":[{"@type":"SearchAction","target":{"@type":"EntryPoint","urlTemplate":"https:\/\/ferretto.com\/?s={search_term_string}"},"query-input":{"@type":"PropertyValueSpecification","valueRequired":true,"valueName":"search_term_string"}}],"inLanguage":"fr-FR"},{"@type":"Organization","@id":"https:\/\/ferretto.com\/#organization","name":"Ferretto SPA","url":"https:\/\/ferretto.com\/","logo":{"@type":"ImageObject","inLanguage":"fr-FR","@id":"https:\/\/ferretto.com\/#\/schema\/logo\/image\/","url":"https:\/\/ferretto.com\/wp-content\/uploads\/2024\/02\/FERRETTO-logo-orizz-con-payoff-col.png","contentUrl":"https:\/\/ferretto.com\/wp-content\/uploads\/2024\/02\/FERRETTO-logo-orizz-con-payoff-col.png","width":3190,"height":598,"caption":"Ferretto SPA"},"image":{"@id":"https:\/\/ferretto.com\/#\/schema\/logo\/image\/"}},{"@type":"Person","@id":"https:\/\/ferretto.com\/#\/schema\/person\/ec7d140166a8c5e6fcbd82a0b0775168","name":"ferrettogroup","url":"https:\/\/ferretto.com\/fr\/author\/ferrettogroup\/"}]}},"_links":{"self":[{"href":"https:\/\/ferretto.com\/fr\/wp-json\/wp\/v2\/posts\/1636","targetHints":{"allow":["GET"]}}],"collection":[{"href":"https:\/\/ferretto.com\/fr\/wp-json\/wp\/v2\/posts"}],"about":[{"href":"https:\/\/ferretto.com\/fr\/wp-json\/wp\/v2\/types\/post"}],"author":[{"embeddable":true,"href":"https:\/\/ferretto.com\/fr\/wp-json\/wp\/v2\/users\/2"}],"replies":[{"embeddable":true,"href":"https:\/\/ferretto.com\/fr\/wp-json\/wp\/v2\/comments?post=1636"}],"version-history":[{"count":12,"href":"https:\/\/ferretto.com\/fr\/wp-json\/wp\/v2\/posts\/1636\/revisions"}],"predecessor-version":[{"id":3820,"href":"https:\/\/ferretto.com\/fr\/wp-json\/wp\/v2\/posts\/1636\/revisions\/3820"}],"wp:featuredmedia":[{"embeddable":true,"href":"https:\/\/ferretto.com\/fr\/wp-json\/wp\/v2\/media\/3418"}],"wp:attachment":[{"href":"https:\/\/ferretto.com\/fr\/wp-json\/wp\/v2\/media?parent=1636"}],"wp:term":[{"taxonomy":"category","embeddable":true,"href":"https:\/\/ferretto.com\/fr\/wp-json\/wp\/v2\/categories?post=1636"},{"taxonomy":"post_tag","embeddable":true,"href":"https:\/\/ferretto.com\/fr\/wp-json\/wp\/v2\/tags?post=1636"}],"curies":[{"name":"wp","href":"https:\/\/api.w.org\/{rel}","templated":true}]}}