{"id":12248,"date":"2025-02-28T16:55:44","date_gmt":"2025-02-28T15:55:44","guid":{"rendered":"https:\/\/ferretto.com\/?p=12248"},"modified":"2025-03-13T16:59:49","modified_gmt":"2025-03-13T15:59:49","slug":"un-open-day-di-successo-ferretto-s-p-a-incontra-i-suoi-agenti-e-collaboratori","status":"publish","type":"post","link":"https:\/\/ferretto.com\/fr\/un-open-day-di-successo-ferretto-s-p-a-incontra-i-suoi-agenti-e-collaboratori\/","title":{"rendered":"Une journ\u00e9e portes ouvertes r\u00e9ussie : Ferretto S.p.A. rencontre ses agents et collaborateurs"},"content":{"rendered":"\n<p>Le vendredi 28 f\u00e9vrier, Ferretto S.p.A. a accueilli ses agents et collaborateurs \u00e0 l&rsquo;occasion d&rsquo;un \u00e9v\u00e9nement sp\u00e9cial qui a constitu\u00e9 une opportunit\u00e9 importante de rencontre et de d\u00e9veloppement professionnel. Au cours de la journ\u00e9e portes ouvertes, les participants ont eu l&rsquo;occasion de d\u00e9couvrir de pr\u00e8s les nouveaux produits de l&rsquo;entreprise, d&rsquo;explorer les solutions innovantes que Ferretto continue de d\u00e9velopper et de s&rsquo;entretenir avec les \u00e9quipes qui travaillent chaque jour pour offrir une valeur maximale aux clients.<\/p>\n\n\n\n<p>L&rsquo;\u00e9v\u00e9nement nous a permis de renforcer notre r\u00e9seau de relations et de consolider la collaboration avec tous les partenaires qui, jour apr\u00e8s jour, contribuent \u00e0 notre succ\u00e8s. Ce fut \u00e9galement l&rsquo;occasion de faire le point sur les projets en cours et les strat\u00e9gies futures, dans une atmosph\u00e8re dynamique et stimulante.<\/p>\n\n\n\n<p>Ferretto S.p.A. souhaite remercier tous ceux qui ont particip\u00e9 et contribu\u00e9 au succ\u00e8s de l&rsquo;\u00e9v\u00e9nement, et s&rsquo;engage \u00e0 poursuivre le voyage vers de nouveaux d\u00e9fis et opportunit\u00e9s, toujours en collaboration avec ses partenaires de confiance.<\/p>\n\n\n\n<p><strong>Rejoignez-nous dans notre voyage vers l&rsquo;innovation !<\/strong><\/p>\n","protected":false},"excerpt":{"rendered":"<p>Le vendredi 28 f\u00e9vrier, Ferretto S.p.A. a accueilli ses agents et collaborateurs \u00e0 l&rsquo;occasion d&rsquo;un \u00e9v\u00e9nement sp\u00e9cial qui a constitu\u00e9 une opportunit\u00e9 importante de rencontre et de d\u00e9veloppement professionnel. Au cours de la journ\u00e9e portes ouvertes, les participants ont eu l&rsquo;occasion de d\u00e9couvrir de pr\u00e8s les nouveaux produits de l&rsquo;entreprise, d&rsquo;explorer les solutions innovantes que [&hellip;]<\/p>\n","protected":false},"author":2,"featured_media":12188,"comment_status":"closed","ping_status":"closed","sticky":false,"template":"","format":"standard","meta":{"_acf_changed":false,"footnotes":""},"categories":[64],"tags":[],"class_list":["post-12248","post","type-post","status-publish","format-standard","has-post-thumbnail","hentry","category-news-eventi-fr"],"acf":[],"yoast_head":"<!-- This site is optimized with the Yoast SEO plugin v27.0 - https:\/\/yoast.com\/product\/yoast-seo-wordpress\/ -->\n<title>Une journ\u00e9e portes ouvertes r\u00e9ussie : Ferretto S.p.A. rencontre ses agents et collaborateurs - Ferretto SpA<\/title>\n<meta name=\"robots\" content=\"index, follow, max-snippet:-1, max-image-preview:large, max-video-preview:-1\" \/>\n<link rel=\"canonical\" href=\"https:\/\/ferretto.com\/un-open-day-di-successo-ferretto-s-p-a-incontra-i-suoi-agenti-e-collaboratori\/\" \/>\n<meta property=\"og:locale\" content=\"fr_FR\" \/>\n<meta property=\"og:type\" content=\"article\" \/>\n<meta property=\"og:title\" content=\"Une journ\u00e9e portes ouvertes r\u00e9ussie : Ferretto S.p.A. rencontre ses agents et collaborateurs - Ferretto SpA\" \/>\n<meta property=\"og:description\" content=\"Le vendredi 28 f\u00e9vrier, Ferretto S.p.A. a accueilli ses agents et collaborateurs \u00e0 l&rsquo;occasion d&rsquo;un \u00e9v\u00e9nement sp\u00e9cial qui a constitu\u00e9 une opportunit\u00e9 importante de rencontre et de d\u00e9veloppement professionnel. Au cours de la journ\u00e9e portes ouvertes, les participants ont eu l&rsquo;occasion de d\u00e9couvrir de pr\u00e8s les nouveaux produits de l&rsquo;entreprise, d&rsquo;explorer les solutions innovantes que [&hellip;]\" \/>\n<meta property=\"og:url\" content=\"https:\/\/ferretto.com\/un-open-day-di-successo-ferretto-s-p-a-incontra-i-suoi-agenti-e-collaboratori\/\" \/>\n<meta property=\"og:site_name\" content=\"Ferretto SpA\" \/>\n<meta property=\"article:published_time\" content=\"2025-02-28T15:55:44+00:00\" \/>\n<meta property=\"article:modified_time\" content=\"2025-03-13T15:59:49+00:00\" \/>\n<meta property=\"og:image\" content=\"https:\/\/ferretto.com\/wp-content\/uploads\/2025\/03\/IMG_3077-scaled.jpg\" \/>\n\t<meta property=\"og:image:width\" content=\"2560\" \/>\n\t<meta property=\"og:image:height\" content=\"1920\" \/>\n\t<meta property=\"og:image:type\" content=\"image\/jpeg\" \/>\n<meta name=\"author\" content=\"ferrettogroup\" \/>\n<meta name=\"twitter:card\" content=\"summary_large_image\" \/>\n<meta name=\"twitter:label1\" content=\"\u00c9crit par\" \/>\n\t<meta name=\"twitter:data1\" content=\"ferrettogroup\" \/>\n\t<meta name=\"twitter:label2\" content=\"Dur\u00e9e de lecture estim\u00e9e\" \/>\n\t<meta name=\"twitter:data2\" content=\"2 minutes\" \/>\n<script type=\"application\/ld+json\" class=\"yoast-schema-graph\">{\"@context\":\"https:\/\/schema.org\",\"@graph\":[{\"@type\":\"Article\",\"@id\":\"https:\/\/ferretto.com\/un-open-day-di-successo-ferretto-s-p-a-incontra-i-suoi-agenti-e-collaboratori\/#article\",\"isPartOf\":{\"@id\":\"https:\/\/ferretto.com\/un-open-day-di-successo-ferretto-s-p-a-incontra-i-suoi-agenti-e-collaboratori\/\"},\"author\":{\"name\":\"ferrettogroup\",\"@id\":\"https:\/\/ferretto.com\/#\/schema\/person\/ec7d140166a8c5e6fcbd82a0b0775168\"},\"headline\":\"Une journ\u00e9e portes ouvertes r\u00e9ussie : Ferretto S.p.A. rencontre ses agents et collaborateurs\",\"datePublished\":\"2025-02-28T15:55:44+00:00\",\"dateModified\":\"2025-03-13T15:59:49+00:00\",\"mainEntityOfPage\":{\"@id\":\"https:\/\/ferretto.com\/un-open-day-di-successo-ferretto-s-p-a-incontra-i-suoi-agenti-e-collaboratori\/\"},\"wordCount\":212,\"publisher\":{\"@id\":\"https:\/\/ferretto.com\/#organization\"},\"image\":{\"@id\":\"https:\/\/ferretto.com\/un-open-day-di-successo-ferretto-s-p-a-incontra-i-suoi-agenti-e-collaboratori\/#primaryimage\"},\"thumbnailUrl\":\"https:\/\/ferretto.com\/wp-content\/uploads\/2025\/03\/IMG_3077-scaled.jpg\",\"articleSection\":[\"News \/ Eventi\"],\"inLanguage\":\"fr-FR\"},{\"@type\":\"WebPage\",\"@id\":\"https:\/\/ferretto.com\/un-open-day-di-successo-ferretto-s-p-a-incontra-i-suoi-agenti-e-collaboratori\/\",\"url\":\"https:\/\/ferretto.com\/un-open-day-di-successo-ferretto-s-p-a-incontra-i-suoi-agenti-e-collaboratori\/\",\"name\":\"Une journ\u00e9e portes ouvertes r\u00e9ussie : Ferretto S.p.A. rencontre ses agents et collaborateurs - Ferretto SpA\",\"isPartOf\":{\"@id\":\"https:\/\/ferretto.com\/#website\"},\"primaryImageOfPage\":{\"@id\":\"https:\/\/ferretto.com\/un-open-day-di-successo-ferretto-s-p-a-incontra-i-suoi-agenti-e-collaboratori\/#primaryimage\"},\"image\":{\"@id\":\"https:\/\/ferretto.com\/un-open-day-di-successo-ferretto-s-p-a-incontra-i-suoi-agenti-e-collaboratori\/#primaryimage\"},\"thumbnailUrl\":\"https:\/\/ferretto.com\/wp-content\/uploads\/2025\/03\/IMG_3077-scaled.jpg\",\"datePublished\":\"2025-02-28T15:55:44+00:00\",\"dateModified\":\"2025-03-13T15:59:49+00:00\",\"breadcrumb\":{\"@id\":\"https:\/\/ferretto.com\/un-open-day-di-successo-ferretto-s-p-a-incontra-i-suoi-agenti-e-collaboratori\/#breadcrumb\"},\"inLanguage\":\"fr-FR\",\"potentialAction\":[{\"@type\":\"ReadAction\",\"target\":[\"https:\/\/ferretto.com\/un-open-day-di-successo-ferretto-s-p-a-incontra-i-suoi-agenti-e-collaboratori\/\"]}]},{\"@type\":\"ImageObject\",\"inLanguage\":\"fr-FR\",\"@id\":\"https:\/\/ferretto.com\/un-open-day-di-successo-ferretto-s-p-a-incontra-i-suoi-agenti-e-collaboratori\/#primaryimage\",\"url\":\"https:\/\/ferretto.com\/wp-content\/uploads\/2025\/03\/IMG_3077-scaled.jpg\",\"contentUrl\":\"https:\/\/ferretto.com\/wp-content\/uploads\/2025\/03\/IMG_3077-scaled.jpg\",\"width\":2560,\"height\":1920},{\"@type\":\"BreadcrumbList\",\"@id\":\"https:\/\/ferretto.com\/un-open-day-di-successo-ferretto-s-p-a-incontra-i-suoi-agenti-e-collaboratori\/#breadcrumb\",\"itemListElement\":[{\"@type\":\"ListItem\",\"position\":1,\"name\":\"Home\",\"item\":\"https:\/\/ferretto.com\/\"},{\"@type\":\"ListItem\",\"position\":2,\"name\":\"Une journ\u00e9e portes ouvertes r\u00e9ussie : Ferretto S.p.A. rencontre ses agents et collaborateurs\"}]},{\"@type\":\"WebSite\",\"@id\":\"https:\/\/ferretto.com\/#website\",\"url\":\"https:\/\/ferretto.com\/\",\"name\":\"Ferretto SPA\",\"description\":\"\",\"publisher\":{\"@id\":\"https:\/\/ferretto.com\/#organization\"},\"potentialAction\":[{\"@type\":\"SearchAction\",\"target\":{\"@type\":\"EntryPoint\",\"urlTemplate\":\"https:\/\/ferretto.com\/?s={search_term_string}\"},\"query-input\":{\"@type\":\"PropertyValueSpecification\",\"valueRequired\":true,\"valueName\":\"search_term_string\"}}],\"inLanguage\":\"fr-FR\"},{\"@type\":\"Organization\",\"@id\":\"https:\/\/ferretto.com\/#organization\",\"name\":\"Ferretto SPA\",\"url\":\"https:\/\/ferretto.com\/\",\"logo\":{\"@type\":\"ImageObject\",\"inLanguage\":\"fr-FR\",\"@id\":\"https:\/\/ferretto.com\/#\/schema\/logo\/image\/\",\"url\":\"https:\/\/ferretto.com\/wp-content\/uploads\/2024\/02\/FERRETTO-logo-orizz-con-payoff-col.png\",\"contentUrl\":\"https:\/\/ferretto.com\/wp-content\/uploads\/2024\/02\/FERRETTO-logo-orizz-con-payoff-col.png\",\"width\":3190,\"height\":598,\"caption\":\"Ferretto SPA\"},\"image\":{\"@id\":\"https:\/\/ferretto.com\/#\/schema\/logo\/image\/\"}},{\"@type\":\"Person\",\"@id\":\"https:\/\/ferretto.com\/#\/schema\/person\/ec7d140166a8c5e6fcbd82a0b0775168\",\"name\":\"ferrettogroup\",\"url\":\"https:\/\/ferretto.com\/fr\/author\/ferrettogroup\/\"}]}<\/script>\n<!-- \/ Yoast SEO plugin. -->","yoast_head_json":{"title":"Une journ\u00e9e portes ouvertes r\u00e9ussie : Ferretto S.p.A. rencontre ses agents et collaborateurs - Ferretto SpA","robots":{"index":"index","follow":"follow","max-snippet":"max-snippet:-1","max-image-preview":"max-image-preview:large","max-video-preview":"max-video-preview:-1"},"canonical":"https:\/\/ferretto.com\/un-open-day-di-successo-ferretto-s-p-a-incontra-i-suoi-agenti-e-collaboratori\/","og_locale":"fr_FR","og_type":"article","og_title":"Une journ\u00e9e portes ouvertes r\u00e9ussie : Ferretto S.p.A. rencontre ses agents et collaborateurs - Ferretto SpA","og_description":"Le vendredi 28 f\u00e9vrier, Ferretto S.p.A. a accueilli ses agents et collaborateurs \u00e0 l&rsquo;occasion d&rsquo;un \u00e9v\u00e9nement sp\u00e9cial qui a constitu\u00e9 une opportunit\u00e9 importante de rencontre et de d\u00e9veloppement professionnel. Au cours de la journ\u00e9e portes ouvertes, les participants ont eu l&rsquo;occasion de d\u00e9couvrir de pr\u00e8s les nouveaux produits de l&rsquo;entreprise, d&rsquo;explorer les solutions innovantes que [&hellip;]","og_url":"https:\/\/ferretto.com\/un-open-day-di-successo-ferretto-s-p-a-incontra-i-suoi-agenti-e-collaboratori\/","og_site_name":"Ferretto SpA","article_published_time":"2025-02-28T15:55:44+00:00","article_modified_time":"2025-03-13T15:59:49+00:00","og_image":[{"width":2560,"height":1920,"url":"https:\/\/ferretto.com\/wp-content\/uploads\/2025\/03\/IMG_3077-scaled.jpg","type":"image\/jpeg"}],"author":"ferrettogroup","twitter_card":"summary_large_image","twitter_misc":{"\u00c9crit par":"ferrettogroup","Dur\u00e9e de lecture estim\u00e9e":"2 minutes"},"schema":{"@context":"https:\/\/schema.org","@graph":[{"@type":"Article","@id":"https:\/\/ferretto.com\/un-open-day-di-successo-ferretto-s-p-a-incontra-i-suoi-agenti-e-collaboratori\/#article","isPartOf":{"@id":"https:\/\/ferretto.com\/un-open-day-di-successo-ferretto-s-p-a-incontra-i-suoi-agenti-e-collaboratori\/"},"author":{"name":"ferrettogroup","@id":"https:\/\/ferretto.com\/#\/schema\/person\/ec7d140166a8c5e6fcbd82a0b0775168"},"headline":"Une journ\u00e9e portes ouvertes r\u00e9ussie : Ferretto S.p.A. rencontre ses agents et collaborateurs","datePublished":"2025-02-28T15:55:44+00:00","dateModified":"2025-03-13T15:59:49+00:00","mainEntityOfPage":{"@id":"https:\/\/ferretto.com\/un-open-day-di-successo-ferretto-s-p-a-incontra-i-suoi-agenti-e-collaboratori\/"},"wordCount":212,"publisher":{"@id":"https:\/\/ferretto.com\/#organization"},"image":{"@id":"https:\/\/ferretto.com\/un-open-day-di-successo-ferretto-s-p-a-incontra-i-suoi-agenti-e-collaboratori\/#primaryimage"},"thumbnailUrl":"https:\/\/ferretto.com\/wp-content\/uploads\/2025\/03\/IMG_3077-scaled.jpg","articleSection":["News \/ Eventi"],"inLanguage":"fr-FR"},{"@type":"WebPage","@id":"https:\/\/ferretto.com\/un-open-day-di-successo-ferretto-s-p-a-incontra-i-suoi-agenti-e-collaboratori\/","url":"https:\/\/ferretto.com\/un-open-day-di-successo-ferretto-s-p-a-incontra-i-suoi-agenti-e-collaboratori\/","name":"Une journ\u00e9e portes ouvertes r\u00e9ussie : Ferretto S.p.A. rencontre ses agents et collaborateurs - Ferretto SpA","isPartOf":{"@id":"https:\/\/ferretto.com\/#website"},"primaryImageOfPage":{"@id":"https:\/\/ferretto.com\/un-open-day-di-successo-ferretto-s-p-a-incontra-i-suoi-agenti-e-collaboratori\/#primaryimage"},"image":{"@id":"https:\/\/ferretto.com\/un-open-day-di-successo-ferretto-s-p-a-incontra-i-suoi-agenti-e-collaboratori\/#primaryimage"},"thumbnailUrl":"https:\/\/ferretto.com\/wp-content\/uploads\/2025\/03\/IMG_3077-scaled.jpg","datePublished":"2025-02-28T15:55:44+00:00","dateModified":"2025-03-13T15:59:49+00:00","breadcrumb":{"@id":"https:\/\/ferretto.com\/un-open-day-di-successo-ferretto-s-p-a-incontra-i-suoi-agenti-e-collaboratori\/#breadcrumb"},"inLanguage":"fr-FR","potentialAction":[{"@type":"ReadAction","target":["https:\/\/ferretto.com\/un-open-day-di-successo-ferretto-s-p-a-incontra-i-suoi-agenti-e-collaboratori\/"]}]},{"@type":"ImageObject","inLanguage":"fr-FR","@id":"https:\/\/ferretto.com\/un-open-day-di-successo-ferretto-s-p-a-incontra-i-suoi-agenti-e-collaboratori\/#primaryimage","url":"https:\/\/ferretto.com\/wp-content\/uploads\/2025\/03\/IMG_3077-scaled.jpg","contentUrl":"https:\/\/ferretto.com\/wp-content\/uploads\/2025\/03\/IMG_3077-scaled.jpg","width":2560,"height":1920},{"@type":"BreadcrumbList","@id":"https:\/\/ferretto.com\/un-open-day-di-successo-ferretto-s-p-a-incontra-i-suoi-agenti-e-collaboratori\/#breadcrumb","itemListElement":[{"@type":"ListItem","position":1,"name":"Home","item":"https:\/\/ferretto.com\/"},{"@type":"ListItem","position":2,"name":"Une journ\u00e9e portes ouvertes r\u00e9ussie : Ferretto S.p.A. rencontre ses agents et collaborateurs"}]},{"@type":"WebSite","@id":"https:\/\/ferretto.com\/#website","url":"https:\/\/ferretto.com\/","name":"Ferretto SPA","description":"","publisher":{"@id":"https:\/\/ferretto.com\/#organization"},"potentialAction":[{"@type":"SearchAction","target":{"@type":"EntryPoint","urlTemplate":"https:\/\/ferretto.com\/?s={search_term_string}"},"query-input":{"@type":"PropertyValueSpecification","valueRequired":true,"valueName":"search_term_string"}}],"inLanguage":"fr-FR"},{"@type":"Organization","@id":"https:\/\/ferretto.com\/#organization","name":"Ferretto SPA","url":"https:\/\/ferretto.com\/","logo":{"@type":"ImageObject","inLanguage":"fr-FR","@id":"https:\/\/ferretto.com\/#\/schema\/logo\/image\/","url":"https:\/\/ferretto.com\/wp-content\/uploads\/2024\/02\/FERRETTO-logo-orizz-con-payoff-col.png","contentUrl":"https:\/\/ferretto.com\/wp-content\/uploads\/2024\/02\/FERRETTO-logo-orizz-con-payoff-col.png","width":3190,"height":598,"caption":"Ferretto SPA"},"image":{"@id":"https:\/\/ferretto.com\/#\/schema\/logo\/image\/"}},{"@type":"Person","@id":"https:\/\/ferretto.com\/#\/schema\/person\/ec7d140166a8c5e6fcbd82a0b0775168","name":"ferrettogroup","url":"https:\/\/ferretto.com\/fr\/author\/ferrettogroup\/"}]}},"_links":{"self":[{"href":"https:\/\/ferretto.com\/fr\/wp-json\/wp\/v2\/posts\/12248","targetHints":{"allow":["GET"]}}],"collection":[{"href":"https:\/\/ferretto.com\/fr\/wp-json\/wp\/v2\/posts"}],"about":[{"href":"https:\/\/ferretto.com\/fr\/wp-json\/wp\/v2\/types\/post"}],"author":[{"embeddable":true,"href":"https:\/\/ferretto.com\/fr\/wp-json\/wp\/v2\/users\/2"}],"replies":[{"embeddable":true,"href":"https:\/\/ferretto.com\/fr\/wp-json\/wp\/v2\/comments?post=12248"}],"version-history":[{"count":3,"href":"https:\/\/ferretto.com\/fr\/wp-json\/wp\/v2\/posts\/12248\/revisions"}],"predecessor-version":[{"id":12259,"href":"https:\/\/ferretto.com\/fr\/wp-json\/wp\/v2\/posts\/12248\/revisions\/12259"}],"wp:featuredmedia":[{"embeddable":true,"href":"https:\/\/ferretto.com\/fr\/wp-json\/wp\/v2\/media\/12188"}],"wp:attachment":[{"href":"https:\/\/ferretto.com\/fr\/wp-json\/wp\/v2\/media?parent=12248"}],"wp:term":[{"taxonomy":"category","embeddable":true,"href":"https:\/\/ferretto.com\/fr\/wp-json\/wp\/v2\/categories?post=12248"},{"taxonomy":"post_tag","embeddable":true,"href":"https:\/\/ferretto.com\/fr\/wp-json\/wp\/v2\/tags?post=12248"}],"curies":[{"name":"wp","href":"https:\/\/api.w.org\/{rel}","templated":true}]}}