{"id":12019,"date":"2025-01-23T14:47:57","date_gmt":"2025-01-23T13:47:57","guid":{"rendered":"https:\/\/ferretto.com\/?p=12019"},"modified":"2025-01-23T14:51:23","modified_gmt":"2025-01-23T13:51:23","slug":"ferretto-spa-a-lexpo-machieraldo-avec-ses-entrepots-automatiques-verticaux","status":"publish","type":"post","link":"https:\/\/ferretto.com\/fr\/ferretto-spa-a-lexpo-machieraldo-avec-ses-entrepots-automatiques-verticaux\/","title":{"rendered":"FERRETTO SPA A L&rsquo;EXPO MACHIERALDO AVEC SES ENTREP\u00d4TS AUTOMATIQUES VERTICAUX"},"content":{"rendered":"\n<p><em>L&rsquo;evento <strong><a href=\"https:\/\/www.expo.machieraldo.it\/\">Expo Machieraldo<\/a><\/strong>, dedicato ai rivenditori del settore ferramenta, utensileria, colore e sicurezza, si terr\u00e0 <strong>domenica 23 e luned\u00ec 24 febbraio<\/strong> a Milano.<\/em><\/p>\n\n<p>L\u2019appuntamento annuale, ospitato a <strong>Malpensa Fiere<\/strong>, \u00e8 il punto di incontro ideale per le imprese desiderose di scoprire le ultime novit\u00e0 di mercato.<\/p>\n\n<p>Ferretto Spa parteciper\u00e0 all&rsquo;ottava edizione di Expo Machieraldo per presentare le soluzioni automatiche verticali per lo stoccaggio e la movimentazione dei materiali che ne hanno fatto il partner logistico di molte aziende del settore ferramenta, utensileria, giardinaggio e macchinari per il settore agricolo.<\/p>\n\n<p>L\u2019evento sar\u00e0 anche un\u2019importante occasione per presentare le novit\u00e0 in casa Ferretto, tra cui i <strong><a href=\"https:\/\/ferretto.com\/blog\/nuovi-device-per-migliorare-il-picking\/\">nuovi device<\/a><\/strong> per magazzini automatici verticali e il rivoluzionario <strong><a href=\"https:\/\/ferretto.com\/vertimag-xxl\/\">Vertimag XXL<\/a><\/strong>, il nuovo modello di magazzino verticale progettato per rispondere alle esigenze delle aziende che operano con profili e barre lunghe fino a 6 metri.\u00a0<\/p>\n\n<p>Visitando lo stand di Ferretto Spa, i partecipanti potranno beneficiare della competenza e dell&rsquo;esperienza dei tecnici, pronti a illustrare i vantaggi di:<\/p>\n\n<ul class=\"wp-block-list\">\n<li><strong>Magazzini automatici verticali <a href=\"https:\/\/ferretto.com\/soluzione\/magazzini-automatici-verticali-vertimag\/\">Vertimag<\/a><\/strong><\/li>\n\n\n\n<li><strong>Magazzini verticali rotanti <a href=\"https:\/\/ferretto.com\/soluzione\/magazzini-verticali-rotanti-eurot\/\">Eurot<\/a><\/strong><\/li>\n\n\n\n<li><strong>Magazzini verticali per lastre e barre <a href=\"https:\/\/ferretto.com\/soluzione\/magazzini-verticali-per-barre-lastre-lamiere-profili\/\">Steel Tower<\/a><\/strong><\/li>\n<\/ul>\n\n<p>I tecnici di Ferretto Spa aspettano i visitatori nella <strong>hall 1 stand 118<\/strong>.<\/p>\n\n<p>Maggiori informazioni su Expo Machieraldo sono disponibili su <a href=\"https:\/\/www.expo.machieraldo.it\/\">expo.machieraldo.it<\/a>.<\/p>\n","protected":false},"excerpt":{"rendered":"<p>L&rsquo;evento Expo Machieraldo, dedicato ai rivenditori del settore ferramenta, utensileria, colore e sicurezza, si terr\u00e0 domenica 23 e luned\u00ec 24 febbraio a Milano. L\u2019appuntamento annuale, ospitato a Malpensa Fiere, \u00e8 il punto di incontro ideale per le imprese desiderose di scoprire le ultime novit\u00e0 di mercato. Ferretto Spa parteciper\u00e0 all&rsquo;ottava edizione di Expo Machieraldo per [&hellip;]<\/p>\n","protected":false},"author":2,"featured_media":12014,"comment_status":"closed","ping_status":"closed","sticky":false,"template":"","format":"standard","meta":{"_acf_changed":false,"footnotes":""},"categories":[64],"tags":[],"class_list":["post-12019","post","type-post","status-publish","format-standard","has-post-thumbnail","hentry","category-news-eventi-fr"],"acf":[],"yoast_head":"<!-- This site is optimized with the Yoast SEO plugin v27.0 - https:\/\/yoast.com\/product\/yoast-seo-wordpress\/ -->\n<title>FERRETTO SPA A L&#039;EXPO MACHIERALDO AVEC SES ENTREP\u00d4TS AUTOMATIQUES VERTICAUX - Ferretto SpA<\/title>\n<meta name=\"robots\" content=\"index, follow, max-snippet:-1, max-image-preview:large, max-video-preview:-1\" \/>\n<link rel=\"canonical\" href=\"https:\/\/ferretto.com\/ferretto-espone-ad-expo-machieraldo\/\" \/>\n<meta property=\"og:locale\" content=\"fr_FR\" \/>\n<meta property=\"og:type\" content=\"article\" \/>\n<meta property=\"og:title\" content=\"FERRETTO SPA A L&#039;EXPO MACHIERALDO AVEC SES ENTREP\u00d4TS AUTOMATIQUES VERTICAUX - Ferretto SpA\" \/>\n<meta property=\"og:description\" content=\"L&rsquo;evento Expo Machieraldo, dedicato ai rivenditori del settore ferramenta, utensileria, colore e sicurezza, si terr\u00e0 domenica 23 e luned\u00ec 24 febbraio a Milano. L\u2019appuntamento annuale, ospitato a Malpensa Fiere, \u00e8 il punto di incontro ideale per le imprese desiderose di scoprire le ultime novit\u00e0 di mercato. Ferretto Spa parteciper\u00e0 all&rsquo;ottava edizione di Expo Machieraldo per [&hellip;]\" \/>\n<meta property=\"og:url\" content=\"https:\/\/ferretto.com\/ferretto-espone-ad-expo-machieraldo\/\" \/>\n<meta property=\"og:site_name\" content=\"Ferretto SpA\" \/>\n<meta property=\"article:published_time\" content=\"2025-01-23T13:47:57+00:00\" \/>\n<meta property=\"article:modified_time\" content=\"2025-01-23T13:51:23+00:00\" \/>\n<meta property=\"og:image\" content=\"https:\/\/ferretto.com\/wp-content\/uploads\/2025\/01\/EXPO_Machieraldo-1024x1024.png\" \/>\n\t<meta property=\"og:image:width\" content=\"1024\" \/>\n\t<meta property=\"og:image:height\" content=\"1024\" \/>\n\t<meta property=\"og:image:type\" content=\"image\/png\" \/>\n<meta name=\"author\" content=\"ferrettogroup\" \/>\n<meta name=\"twitter:card\" content=\"summary_large_image\" \/>\n<meta name=\"twitter:label1\" content=\"\u00c9crit par\" \/>\n\t<meta name=\"twitter:data1\" content=\"ferrettogroup\" \/>\n\t<meta name=\"twitter:label2\" content=\"Dur\u00e9e de lecture estim\u00e9e\" \/>\n\t<meta name=\"twitter:data2\" content=\"2 minutes\" \/>\n<script type=\"application\/ld+json\" class=\"yoast-schema-graph\">{\"@context\":\"https:\/\/schema.org\",\"@graph\":[{\"@type\":\"Article\",\"@id\":\"https:\/\/ferretto.com\/ferretto-espone-ad-expo-machieraldo\/#article\",\"isPartOf\":{\"@id\":\"https:\/\/ferretto.com\/ferretto-espone-ad-expo-machieraldo\/\"},\"author\":{\"name\":\"ferrettogroup\",\"@id\":\"https:\/\/ferretto.com\/#\/schema\/person\/ec7d140166a8c5e6fcbd82a0b0775168\"},\"headline\":\"FERRETTO SPA A L&rsquo;EXPO MACHIERALDO AVEC SES ENTREP\u00d4TS AUTOMATIQUES VERTICAUX\",\"datePublished\":\"2025-01-23T13:47:57+00:00\",\"dateModified\":\"2025-01-23T13:51:23+00:00\",\"mainEntityOfPage\":{\"@id\":\"https:\/\/ferretto.com\/ferretto-espone-ad-expo-machieraldo\/\"},\"wordCount\":213,\"publisher\":{\"@id\":\"https:\/\/ferretto.com\/#organization\"},\"image\":{\"@id\":\"https:\/\/ferretto.com\/ferretto-espone-ad-expo-machieraldo\/#primaryimage\"},\"thumbnailUrl\":\"https:\/\/ferretto.com\/wp-content\/uploads\/2025\/01\/EXPO_Machieraldo.png\",\"articleSection\":[\"News \/ Eventi\"],\"inLanguage\":\"fr-FR\"},{\"@type\":\"WebPage\",\"@id\":\"https:\/\/ferretto.com\/ferretto-espone-ad-expo-machieraldo\/\",\"url\":\"https:\/\/ferretto.com\/ferretto-espone-ad-expo-machieraldo\/\",\"name\":\"FERRETTO SPA A L'EXPO MACHIERALDO AVEC SES ENTREP\u00d4TS AUTOMATIQUES VERTICAUX - Ferretto SpA\",\"isPartOf\":{\"@id\":\"https:\/\/ferretto.com\/#website\"},\"primaryImageOfPage\":{\"@id\":\"https:\/\/ferretto.com\/ferretto-espone-ad-expo-machieraldo\/#primaryimage\"},\"image\":{\"@id\":\"https:\/\/ferretto.com\/ferretto-espone-ad-expo-machieraldo\/#primaryimage\"},\"thumbnailUrl\":\"https:\/\/ferretto.com\/wp-content\/uploads\/2025\/01\/EXPO_Machieraldo.png\",\"datePublished\":\"2025-01-23T13:47:57+00:00\",\"dateModified\":\"2025-01-23T13:51:23+00:00\",\"breadcrumb\":{\"@id\":\"https:\/\/ferretto.com\/ferretto-espone-ad-expo-machieraldo\/#breadcrumb\"},\"inLanguage\":\"fr-FR\",\"potentialAction\":[{\"@type\":\"ReadAction\",\"target\":[\"https:\/\/ferretto.com\/ferretto-espone-ad-expo-machieraldo\/\"]}]},{\"@type\":\"ImageObject\",\"inLanguage\":\"fr-FR\",\"@id\":\"https:\/\/ferretto.com\/ferretto-espone-ad-expo-machieraldo\/#primaryimage\",\"url\":\"https:\/\/ferretto.com\/wp-content\/uploads\/2025\/01\/EXPO_Machieraldo.png\",\"contentUrl\":\"https:\/\/ferretto.com\/wp-content\/uploads\/2025\/01\/EXPO_Machieraldo.png\",\"width\":1200,\"height\":1200},{\"@type\":\"BreadcrumbList\",\"@id\":\"https:\/\/ferretto.com\/ferretto-espone-ad-expo-machieraldo\/#breadcrumb\",\"itemListElement\":[{\"@type\":\"ListItem\",\"position\":1,\"name\":\"Home\",\"item\":\"https:\/\/ferretto.com\/\"},{\"@type\":\"ListItem\",\"position\":2,\"name\":\"FERRETTO SPA A L&#8217;EXPO MACHIERALDO AVEC SES ENTREP\u00d4TS AUTOMATIQUES VERTICAUX\"}]},{\"@type\":\"WebSite\",\"@id\":\"https:\/\/ferretto.com\/#website\",\"url\":\"https:\/\/ferretto.com\/\",\"name\":\"Ferretto SPA\",\"description\":\"\",\"publisher\":{\"@id\":\"https:\/\/ferretto.com\/#organization\"},\"potentialAction\":[{\"@type\":\"SearchAction\",\"target\":{\"@type\":\"EntryPoint\",\"urlTemplate\":\"https:\/\/ferretto.com\/?s={search_term_string}\"},\"query-input\":{\"@type\":\"PropertyValueSpecification\",\"valueRequired\":true,\"valueName\":\"search_term_string\"}}],\"inLanguage\":\"fr-FR\"},{\"@type\":\"Organization\",\"@id\":\"https:\/\/ferretto.com\/#organization\",\"name\":\"Ferretto SPA\",\"url\":\"https:\/\/ferretto.com\/\",\"logo\":{\"@type\":\"ImageObject\",\"inLanguage\":\"fr-FR\",\"@id\":\"https:\/\/ferretto.com\/#\/schema\/logo\/image\/\",\"url\":\"https:\/\/ferretto.com\/wp-content\/uploads\/2024\/02\/FERRETTO-logo-orizz-con-payoff-col.png\",\"contentUrl\":\"https:\/\/ferretto.com\/wp-content\/uploads\/2024\/02\/FERRETTO-logo-orizz-con-payoff-col.png\",\"width\":3190,\"height\":598,\"caption\":\"Ferretto SPA\"},\"image\":{\"@id\":\"https:\/\/ferretto.com\/#\/schema\/logo\/image\/\"}},{\"@type\":\"Person\",\"@id\":\"https:\/\/ferretto.com\/#\/schema\/person\/ec7d140166a8c5e6fcbd82a0b0775168\",\"name\":\"ferrettogroup\",\"url\":\"https:\/\/ferretto.com\/fr\/author\/ferrettogroup\/\"}]}<\/script>\n<!-- \/ Yoast SEO plugin. -->","yoast_head_json":{"title":"FERRETTO SPA A L'EXPO MACHIERALDO AVEC SES ENTREP\u00d4TS AUTOMATIQUES VERTICAUX - Ferretto SpA","robots":{"index":"index","follow":"follow","max-snippet":"max-snippet:-1","max-image-preview":"max-image-preview:large","max-video-preview":"max-video-preview:-1"},"canonical":"https:\/\/ferretto.com\/ferretto-espone-ad-expo-machieraldo\/","og_locale":"fr_FR","og_type":"article","og_title":"FERRETTO SPA A L'EXPO MACHIERALDO AVEC SES ENTREP\u00d4TS AUTOMATIQUES VERTICAUX - Ferretto SpA","og_description":"L&rsquo;evento Expo Machieraldo, dedicato ai rivenditori del settore ferramenta, utensileria, colore e sicurezza, si terr\u00e0 domenica 23 e luned\u00ec 24 febbraio a Milano. L\u2019appuntamento annuale, ospitato a Malpensa Fiere, \u00e8 il punto di incontro ideale per le imprese desiderose di scoprire le ultime novit\u00e0 di mercato. Ferretto Spa parteciper\u00e0 all&rsquo;ottava edizione di Expo Machieraldo per [&hellip;]","og_url":"https:\/\/ferretto.com\/ferretto-espone-ad-expo-machieraldo\/","og_site_name":"Ferretto SpA","article_published_time":"2025-01-23T13:47:57+00:00","article_modified_time":"2025-01-23T13:51:23+00:00","og_image":[{"width":1024,"height":1024,"url":"https:\/\/ferretto.com\/wp-content\/uploads\/2025\/01\/EXPO_Machieraldo-1024x1024.png","type":"image\/png"}],"author":"ferrettogroup","twitter_card":"summary_large_image","twitter_misc":{"\u00c9crit par":"ferrettogroup","Dur\u00e9e de lecture estim\u00e9e":"2 minutes"},"schema":{"@context":"https:\/\/schema.org","@graph":[{"@type":"Article","@id":"https:\/\/ferretto.com\/ferretto-espone-ad-expo-machieraldo\/#article","isPartOf":{"@id":"https:\/\/ferretto.com\/ferretto-espone-ad-expo-machieraldo\/"},"author":{"name":"ferrettogroup","@id":"https:\/\/ferretto.com\/#\/schema\/person\/ec7d140166a8c5e6fcbd82a0b0775168"},"headline":"FERRETTO SPA A L&rsquo;EXPO MACHIERALDO AVEC SES ENTREP\u00d4TS AUTOMATIQUES VERTICAUX","datePublished":"2025-01-23T13:47:57+00:00","dateModified":"2025-01-23T13:51:23+00:00","mainEntityOfPage":{"@id":"https:\/\/ferretto.com\/ferretto-espone-ad-expo-machieraldo\/"},"wordCount":213,"publisher":{"@id":"https:\/\/ferretto.com\/#organization"},"image":{"@id":"https:\/\/ferretto.com\/ferretto-espone-ad-expo-machieraldo\/#primaryimage"},"thumbnailUrl":"https:\/\/ferretto.com\/wp-content\/uploads\/2025\/01\/EXPO_Machieraldo.png","articleSection":["News \/ Eventi"],"inLanguage":"fr-FR"},{"@type":"WebPage","@id":"https:\/\/ferretto.com\/ferretto-espone-ad-expo-machieraldo\/","url":"https:\/\/ferretto.com\/ferretto-espone-ad-expo-machieraldo\/","name":"FERRETTO SPA A L'EXPO MACHIERALDO AVEC SES ENTREP\u00d4TS AUTOMATIQUES VERTICAUX - Ferretto SpA","isPartOf":{"@id":"https:\/\/ferretto.com\/#website"},"primaryImageOfPage":{"@id":"https:\/\/ferretto.com\/ferretto-espone-ad-expo-machieraldo\/#primaryimage"},"image":{"@id":"https:\/\/ferretto.com\/ferretto-espone-ad-expo-machieraldo\/#primaryimage"},"thumbnailUrl":"https:\/\/ferretto.com\/wp-content\/uploads\/2025\/01\/EXPO_Machieraldo.png","datePublished":"2025-01-23T13:47:57+00:00","dateModified":"2025-01-23T13:51:23+00:00","breadcrumb":{"@id":"https:\/\/ferretto.com\/ferretto-espone-ad-expo-machieraldo\/#breadcrumb"},"inLanguage":"fr-FR","potentialAction":[{"@type":"ReadAction","target":["https:\/\/ferretto.com\/ferretto-espone-ad-expo-machieraldo\/"]}]},{"@type":"ImageObject","inLanguage":"fr-FR","@id":"https:\/\/ferretto.com\/ferretto-espone-ad-expo-machieraldo\/#primaryimage","url":"https:\/\/ferretto.com\/wp-content\/uploads\/2025\/01\/EXPO_Machieraldo.png","contentUrl":"https:\/\/ferretto.com\/wp-content\/uploads\/2025\/01\/EXPO_Machieraldo.png","width":1200,"height":1200},{"@type":"BreadcrumbList","@id":"https:\/\/ferretto.com\/ferretto-espone-ad-expo-machieraldo\/#breadcrumb","itemListElement":[{"@type":"ListItem","position":1,"name":"Home","item":"https:\/\/ferretto.com\/"},{"@type":"ListItem","position":2,"name":"FERRETTO SPA A L&#8217;EXPO MACHIERALDO AVEC SES ENTREP\u00d4TS AUTOMATIQUES VERTICAUX"}]},{"@type":"WebSite","@id":"https:\/\/ferretto.com\/#website","url":"https:\/\/ferretto.com\/","name":"Ferretto SPA","description":"","publisher":{"@id":"https:\/\/ferretto.com\/#organization"},"potentialAction":[{"@type":"SearchAction","target":{"@type":"EntryPoint","urlTemplate":"https:\/\/ferretto.com\/?s={search_term_string}"},"query-input":{"@type":"PropertyValueSpecification","valueRequired":true,"valueName":"search_term_string"}}],"inLanguage":"fr-FR"},{"@type":"Organization","@id":"https:\/\/ferretto.com\/#organization","name":"Ferretto SPA","url":"https:\/\/ferretto.com\/","logo":{"@type":"ImageObject","inLanguage":"fr-FR","@id":"https:\/\/ferretto.com\/#\/schema\/logo\/image\/","url":"https:\/\/ferretto.com\/wp-content\/uploads\/2024\/02\/FERRETTO-logo-orizz-con-payoff-col.png","contentUrl":"https:\/\/ferretto.com\/wp-content\/uploads\/2024\/02\/FERRETTO-logo-orizz-con-payoff-col.png","width":3190,"height":598,"caption":"Ferretto SPA"},"image":{"@id":"https:\/\/ferretto.com\/#\/schema\/logo\/image\/"}},{"@type":"Person","@id":"https:\/\/ferretto.com\/#\/schema\/person\/ec7d140166a8c5e6fcbd82a0b0775168","name":"ferrettogroup","url":"https:\/\/ferretto.com\/fr\/author\/ferrettogroup\/"}]}},"_links":{"self":[{"href":"https:\/\/ferretto.com\/fr\/wp-json\/wp\/v2\/posts\/12019","targetHints":{"allow":["GET"]}}],"collection":[{"href":"https:\/\/ferretto.com\/fr\/wp-json\/wp\/v2\/posts"}],"about":[{"href":"https:\/\/ferretto.com\/fr\/wp-json\/wp\/v2\/types\/post"}],"author":[{"embeddable":true,"href":"https:\/\/ferretto.com\/fr\/wp-json\/wp\/v2\/users\/2"}],"replies":[{"embeddable":true,"href":"https:\/\/ferretto.com\/fr\/wp-json\/wp\/v2\/comments?post=12019"}],"version-history":[{"count":3,"href":"https:\/\/ferretto.com\/fr\/wp-json\/wp\/v2\/posts\/12019\/revisions"}],"predecessor-version":[{"id":12030,"href":"https:\/\/ferretto.com\/fr\/wp-json\/wp\/v2\/posts\/12019\/revisions\/12030"}],"wp:featuredmedia":[{"embeddable":true,"href":"https:\/\/ferretto.com\/fr\/wp-json\/wp\/v2\/media\/12014"}],"wp:attachment":[{"href":"https:\/\/ferretto.com\/fr\/wp-json\/wp\/v2\/media?parent=12019"}],"wp:term":[{"taxonomy":"category","embeddable":true,"href":"https:\/\/ferretto.com\/fr\/wp-json\/wp\/v2\/categories?post=12019"},{"taxonomy":"post_tag","embeddable":true,"href":"https:\/\/ferretto.com\/fr\/wp-json\/wp\/v2\/tags?post=12019"}],"curies":[{"name":"wp","href":"https:\/\/api.w.org\/{rel}","templated":true}]}}