{"id":2602,"date":"2023-05-16T12:19:00","date_gmt":"2023-05-16T10:19:00","guid":{"rendered":"https:\/\/ferrettogroup.websitesimple.it\/?p=2602"},"modified":"2024-10-10T11:48:07","modified_gmt":"2024-10-10T09:48:07","slug":"vertimag-es-protagonista-en-la-feria-industry-days-de-hungria","status":"publish","type":"post","link":"https:\/\/ferretto.com\/es\/vertimag-es-protagonista-en-la-feria-industry-days-de-hungria\/","title":{"rendered":"VERTIMAG ES PROTAGONISTA EN LA FERIA INDUSTRY DAYS DE HUNGR\u00cdA"},"content":{"rendered":"\n<p>Un nuevo escaparate internacional para\u00a0<a href=\"https:\/\/ferretto.com\/es\/soluciones\/almacenes-automaticos-verticales-vertimag\/\"><strong>Vertimag<\/strong><\/a>. Tras el gran inter\u00e9s suscitado en LogiMAT en Stuttgart, el almac\u00e9n vertical autom\u00e1tico de Ferretto ser\u00e1 el protagonista en la feria\u00a0<strong>Industry Days<\/strong>\u00a0(Ipar Napjai) de\u00a0<strong>Budapest<\/strong>. El evento, que se llevar\u00e1 a cabo del\u00a0<strong>16 al 19 de mayo<\/strong>, es una importante cita internacional dedicada al sector industrial. En los espacios expositivos de la feria h\u00fangara, Laune \u2013partner de Ferretto\u2013 presentar\u00e1 las ventajas concretas que la \u00faltima generaci\u00f3n de Vertimag garantiza a las empresas de cualquier sector industrial gracias a su capacidad para gestionar materiales de cualquier formato, peso y tama\u00f1o. Los visitantes podr\u00e1n comprobar c\u00f3mo esta soluci\u00f3n automatizada permite ahorrar espacio \u2013al reducir la superficie ocupada hasta 1\/10 con respecto a un almac\u00e9n tradicional\u2013, responde a necesidades espec\u00edficas de almacenamiento, con una gama de 120 combinaciones de tama\u00f1os de bandejas, y garantiza las mejores condiciones de trabajo para los operarios gracias a 6 tipos diferentes de muelles, incluido el exclusivo muelle Ergo Tech. Este \u00faltimo garantiza una ergonom\u00eda perfecta para el operario durante los trabajos de picking y asegura los flujos de un muelle doble, aumentando as\u00ed la productividad.<br>Laune y Vertimag recibir\u00e1n a los visitantes en el\u00a0<strong>Hall A Stand 210C<\/strong>.<\/p>\n","protected":false},"excerpt":{"rendered":"<p>Un nuevo escaparate internacional para\u00a0Vertimag. Tras el gran inter\u00e9s suscitado en LogiMAT en Stuttgart, el almac\u00e9n vertical autom\u00e1tico de Ferretto ser\u00e1 el protagonista en la feria\u00a0Industry Days\u00a0(Ipar Napjai) de\u00a0Budapest. El evento, que se llevar\u00e1 a cabo del\u00a016 al 19 de mayo, es una importante cita internacional dedicada al sector industrial. En los espacios expositivos de [&hellip;]<\/p>\n","protected":false},"author":2,"featured_media":3419,"comment_status":"closed","ping_status":"closed","sticky":false,"template":"","format":"standard","meta":{"_acf_changed":false,"footnotes":""},"categories":[65],"tags":[354,355,361,353,375,357,362,356,366,374,358,371,297,370,298,373,372,364,367,365],"class_list":["post-2602","post","type-post","status-publish","format-standard","has-post-thumbnail","hentry","category-news-eventi-es","tag-almacen-automatico","tag-almacen-inteligente-vertical","tag-almacen-rotativo-vertical","tag-almacen-vertical","tag-almacenaje-automatico","tag-almacenamiento-automatizado","tag-almacenamiento-rotativo","tag-almacenamiento-vertical","tag-almacenamiento-vertical-automaticos","tag-almacenamiento-vertical-automatizado","tag-almacenes-automaticos","tag-almacenes-automaticos-rotativos-eurot","tag-almacenes-automaticos-verticales","tag-almacenes-automaticos-verticales-vertimag","tag-almacenes-verticales","tag-almacenes-verticales-automatizados","tag-almacenes-verticales-para-barras-y-perfiles-steel-tower","tag-carrusel-vertical","tag-vertical-lift-module","tag-vlm"],"acf":[],"yoast_head":"<!-- This site is optimized with the Yoast SEO plugin v27.0 - https:\/\/yoast.com\/product\/yoast-seo-wordpress\/ -->\n<title>VERTIMAG ES PROTAGONISTA EN LA FERIA INDUSTRY DAYS DE HUNGR\u00cdA - Ferretto SpA<\/title>\n<meta name=\"robots\" content=\"index, follow, max-snippet:-1, max-image-preview:large, max-video-preview:-1\" \/>\n<link rel=\"canonical\" href=\"https:\/\/ferretto.com\/vertimag-e-protagonista-agli-industry-days-in-ungheria\/\" \/>\n<meta property=\"og:locale\" content=\"es_ES\" \/>\n<meta property=\"og:type\" content=\"article\" \/>\n<meta property=\"og:title\" content=\"VERTIMAG ES PROTAGONISTA EN LA FERIA INDUSTRY DAYS DE HUNGR\u00cdA - Ferretto SpA\" \/>\n<meta property=\"og:description\" content=\"Un nuevo escaparate internacional para\u00a0Vertimag. Tras el gran inter\u00e9s suscitado en LogiMAT en Stuttgart, el almac\u00e9n vertical autom\u00e1tico de Ferretto ser\u00e1 el protagonista en la feria\u00a0Industry Days\u00a0(Ipar Napjai) de\u00a0Budapest. El evento, que se llevar\u00e1 a cabo del\u00a016 al 19 de mayo, es una importante cita internacional dedicada al sector industrial. En los espacios expositivos de [&hellip;]\" \/>\n<meta property=\"og:url\" content=\"https:\/\/ferretto.com\/vertimag-e-protagonista-agli-industry-days-in-ungheria\/\" \/>\n<meta property=\"og:site_name\" content=\"Ferretto SpA\" \/>\n<meta property=\"article:published_time\" content=\"2023-05-16T10:19:00+00:00\" \/>\n<meta property=\"article:modified_time\" content=\"2024-10-10T09:48:07+00:00\" \/>\n<meta property=\"og:image\" content=\"https:\/\/ferretto.com\/wp-content\/uploads\/2023\/10\/Industry-days-ungheria.png\" \/>\n\t<meta property=\"og:image:width\" content=\"800\" \/>\n\t<meta property=\"og:image:height\" content=\"600\" \/>\n\t<meta property=\"og:image:type\" content=\"image\/png\" \/>\n<meta name=\"author\" content=\"ferrettogroup\" \/>\n<meta name=\"twitter:card\" content=\"summary_large_image\" \/>\n<meta name=\"twitter:label1\" content=\"Escrito por\" \/>\n\t<meta name=\"twitter:data1\" content=\"ferrettogroup\" \/>\n\t<meta name=\"twitter:label2\" content=\"Tiempo de lectura\" \/>\n\t<meta name=\"twitter:data2\" content=\"2 minutos\" \/>\n<script type=\"application\/ld+json\" class=\"yoast-schema-graph\">{\"@context\":\"https:\/\/schema.org\",\"@graph\":[{\"@type\":\"Article\",\"@id\":\"https:\/\/ferretto.com\/vertimag-e-protagonista-agli-industry-days-in-ungheria\/#article\",\"isPartOf\":{\"@id\":\"https:\/\/ferretto.com\/vertimag-e-protagonista-agli-industry-days-in-ungheria\/\"},\"author\":{\"name\":\"ferrettogroup\",\"@id\":\"https:\/\/ferretto.com\/#\/schema\/person\/ec7d140166a8c5e6fcbd82a0b0775168\"},\"headline\":\"VERTIMAG ES PROTAGONISTA EN LA FERIA INDUSTRY DAYS DE HUNGR\u00cdA\",\"datePublished\":\"2023-05-16T10:19:00+00:00\",\"dateModified\":\"2024-10-10T09:48:07+00:00\",\"mainEntityOfPage\":{\"@id\":\"https:\/\/ferretto.com\/vertimag-e-protagonista-agli-industry-days-in-ungheria\/\"},\"wordCount\":220,\"publisher\":{\"@id\":\"https:\/\/ferretto.com\/#organization\"},\"image\":{\"@id\":\"https:\/\/ferretto.com\/vertimag-e-protagonista-agli-industry-days-in-ungheria\/#primaryimage\"},\"thumbnailUrl\":\"https:\/\/ferretto.com\/wp-content\/uploads\/2023\/10\/Industry-days-ungheria.png\",\"keywords\":[\"almac\u00e9n autom\u00e1tico\",\"almac\u00e9n inteligente vertical\",\"almacen rotativo vertical\",\"almac\u00e9n vertical\",\"almacenaje automatico\",\"almacenamiento automatizado\",\"almacenamiento rotativo\",\"almacenamiento vertical\",\"almacenamiento vertical automaticos\",\"almacenamiento vertical automatizado\",\"almacenes automaticos\",\"almacenes automaticos rotativos Eurot\",\"almacenes autom\u00e1ticos verticales\",\"almacenes automaticos verticales Vertimag\",\"almacenes verticales\",\"almacenes verticales automatizados\",\"almacenes verticales para barras y perfiles Steel Tower\",\"carrusel vertical\",\"vertical lift module\",\"vlm\"],\"articleSection\":[\"News \/ Eventi\"],\"inLanguage\":\"es\"},{\"@type\":\"WebPage\",\"@id\":\"https:\/\/ferretto.com\/vertimag-e-protagonista-agli-industry-days-in-ungheria\/\",\"url\":\"https:\/\/ferretto.com\/vertimag-e-protagonista-agli-industry-days-in-ungheria\/\",\"name\":\"VERTIMAG ES PROTAGONISTA EN LA FERIA INDUSTRY DAYS DE HUNGR\u00cdA - Ferretto SpA\",\"isPartOf\":{\"@id\":\"https:\/\/ferretto.com\/#website\"},\"primaryImageOfPage\":{\"@id\":\"https:\/\/ferretto.com\/vertimag-e-protagonista-agli-industry-days-in-ungheria\/#primaryimage\"},\"image\":{\"@id\":\"https:\/\/ferretto.com\/vertimag-e-protagonista-agli-industry-days-in-ungheria\/#primaryimage\"},\"thumbnailUrl\":\"https:\/\/ferretto.com\/wp-content\/uploads\/2023\/10\/Industry-days-ungheria.png\",\"datePublished\":\"2023-05-16T10:19:00+00:00\",\"dateModified\":\"2024-10-10T09:48:07+00:00\",\"breadcrumb\":{\"@id\":\"https:\/\/ferretto.com\/vertimag-e-protagonista-agli-industry-days-in-ungheria\/#breadcrumb\"},\"inLanguage\":\"es\",\"potentialAction\":[{\"@type\":\"ReadAction\",\"target\":[\"https:\/\/ferretto.com\/vertimag-e-protagonista-agli-industry-days-in-ungheria\/\"]}]},{\"@type\":\"ImageObject\",\"inLanguage\":\"es\",\"@id\":\"https:\/\/ferretto.com\/vertimag-e-protagonista-agli-industry-days-in-ungheria\/#primaryimage\",\"url\":\"https:\/\/ferretto.com\/wp-content\/uploads\/2023\/10\/Industry-days-ungheria.png\",\"contentUrl\":\"https:\/\/ferretto.com\/wp-content\/uploads\/2023\/10\/Industry-days-ungheria.png\",\"width\":800,\"height\":600,\"caption\":\"Industry Days 2023 Ungheria\"},{\"@type\":\"BreadcrumbList\",\"@id\":\"https:\/\/ferretto.com\/vertimag-e-protagonista-agli-industry-days-in-ungheria\/#breadcrumb\",\"itemListElement\":[{\"@type\":\"ListItem\",\"position\":1,\"name\":\"Home\",\"item\":\"https:\/\/ferretto.com\/\"},{\"@type\":\"ListItem\",\"position\":2,\"name\":\"VERTIMAG ES PROTAGONISTA EN LA FERIA INDUSTRY DAYS DE HUNGR\u00cdA\"}]},{\"@type\":\"WebSite\",\"@id\":\"https:\/\/ferretto.com\/#website\",\"url\":\"https:\/\/ferretto.com\/\",\"name\":\"Ferretto SPA\",\"description\":\"\",\"publisher\":{\"@id\":\"https:\/\/ferretto.com\/#organization\"},\"potentialAction\":[{\"@type\":\"SearchAction\",\"target\":{\"@type\":\"EntryPoint\",\"urlTemplate\":\"https:\/\/ferretto.com\/?s={search_term_string}\"},\"query-input\":{\"@type\":\"PropertyValueSpecification\",\"valueRequired\":true,\"valueName\":\"search_term_string\"}}],\"inLanguage\":\"es\"},{\"@type\":\"Organization\",\"@id\":\"https:\/\/ferretto.com\/#organization\",\"name\":\"Ferretto SPA\",\"url\":\"https:\/\/ferretto.com\/\",\"logo\":{\"@type\":\"ImageObject\",\"inLanguage\":\"es\",\"@id\":\"https:\/\/ferretto.com\/#\/schema\/logo\/image\/\",\"url\":\"https:\/\/ferretto.com\/wp-content\/uploads\/2024\/02\/FERRETTO-logo-orizz-con-payoff-col.png\",\"contentUrl\":\"https:\/\/ferretto.com\/wp-content\/uploads\/2024\/02\/FERRETTO-logo-orizz-con-payoff-col.png\",\"width\":3190,\"height\":598,\"caption\":\"Ferretto SPA\"},\"image\":{\"@id\":\"https:\/\/ferretto.com\/#\/schema\/logo\/image\/\"}},{\"@type\":\"Person\",\"@id\":\"https:\/\/ferretto.com\/#\/schema\/person\/ec7d140166a8c5e6fcbd82a0b0775168\",\"name\":\"ferrettogroup\",\"url\":\"https:\/\/ferretto.com\/es\/author\/ferrettogroup\/\"}]}<\/script>\n<!-- \/ Yoast SEO plugin. -->","yoast_head_json":{"title":"VERTIMAG ES PROTAGONISTA EN LA FERIA INDUSTRY DAYS DE HUNGR\u00cdA - Ferretto SpA","robots":{"index":"index","follow":"follow","max-snippet":"max-snippet:-1","max-image-preview":"max-image-preview:large","max-video-preview":"max-video-preview:-1"},"canonical":"https:\/\/ferretto.com\/vertimag-e-protagonista-agli-industry-days-in-ungheria\/","og_locale":"es_ES","og_type":"article","og_title":"VERTIMAG ES PROTAGONISTA EN LA FERIA INDUSTRY DAYS DE HUNGR\u00cdA - Ferretto SpA","og_description":"Un nuevo escaparate internacional para\u00a0Vertimag. Tras el gran inter\u00e9s suscitado en LogiMAT en Stuttgart, el almac\u00e9n vertical autom\u00e1tico de Ferretto ser\u00e1 el protagonista en la feria\u00a0Industry Days\u00a0(Ipar Napjai) de\u00a0Budapest. El evento, que se llevar\u00e1 a cabo del\u00a016 al 19 de mayo, es una importante cita internacional dedicada al sector industrial. En los espacios expositivos de [&hellip;]","og_url":"https:\/\/ferretto.com\/vertimag-e-protagonista-agli-industry-days-in-ungheria\/","og_site_name":"Ferretto SpA","article_published_time":"2023-05-16T10:19:00+00:00","article_modified_time":"2024-10-10T09:48:07+00:00","og_image":[{"width":800,"height":600,"url":"https:\/\/ferretto.com\/wp-content\/uploads\/2023\/10\/Industry-days-ungheria.png","type":"image\/png"}],"author":"ferrettogroup","twitter_card":"summary_large_image","twitter_misc":{"Escrito por":"ferrettogroup","Tiempo de lectura":"2 minutos"},"schema":{"@context":"https:\/\/schema.org","@graph":[{"@type":"Article","@id":"https:\/\/ferretto.com\/vertimag-e-protagonista-agli-industry-days-in-ungheria\/#article","isPartOf":{"@id":"https:\/\/ferretto.com\/vertimag-e-protagonista-agli-industry-days-in-ungheria\/"},"author":{"name":"ferrettogroup","@id":"https:\/\/ferretto.com\/#\/schema\/person\/ec7d140166a8c5e6fcbd82a0b0775168"},"headline":"VERTIMAG ES PROTAGONISTA EN LA FERIA INDUSTRY DAYS DE HUNGR\u00cdA","datePublished":"2023-05-16T10:19:00+00:00","dateModified":"2024-10-10T09:48:07+00:00","mainEntityOfPage":{"@id":"https:\/\/ferretto.com\/vertimag-e-protagonista-agli-industry-days-in-ungheria\/"},"wordCount":220,"publisher":{"@id":"https:\/\/ferretto.com\/#organization"},"image":{"@id":"https:\/\/ferretto.com\/vertimag-e-protagonista-agli-industry-days-in-ungheria\/#primaryimage"},"thumbnailUrl":"https:\/\/ferretto.com\/wp-content\/uploads\/2023\/10\/Industry-days-ungheria.png","keywords":["almac\u00e9n autom\u00e1tico","almac\u00e9n inteligente vertical","almacen rotativo vertical","almac\u00e9n vertical","almacenaje automatico","almacenamiento automatizado","almacenamiento rotativo","almacenamiento vertical","almacenamiento vertical automaticos","almacenamiento vertical automatizado","almacenes automaticos","almacenes automaticos rotativos Eurot","almacenes autom\u00e1ticos verticales","almacenes automaticos verticales Vertimag","almacenes verticales","almacenes verticales automatizados","almacenes verticales para barras y perfiles Steel Tower","carrusel vertical","vertical lift module","vlm"],"articleSection":["News \/ Eventi"],"inLanguage":"es"},{"@type":"WebPage","@id":"https:\/\/ferretto.com\/vertimag-e-protagonista-agli-industry-days-in-ungheria\/","url":"https:\/\/ferretto.com\/vertimag-e-protagonista-agli-industry-days-in-ungheria\/","name":"VERTIMAG ES PROTAGONISTA EN LA FERIA INDUSTRY DAYS DE HUNGR\u00cdA - Ferretto SpA","isPartOf":{"@id":"https:\/\/ferretto.com\/#website"},"primaryImageOfPage":{"@id":"https:\/\/ferretto.com\/vertimag-e-protagonista-agli-industry-days-in-ungheria\/#primaryimage"},"image":{"@id":"https:\/\/ferretto.com\/vertimag-e-protagonista-agli-industry-days-in-ungheria\/#primaryimage"},"thumbnailUrl":"https:\/\/ferretto.com\/wp-content\/uploads\/2023\/10\/Industry-days-ungheria.png","datePublished":"2023-05-16T10:19:00+00:00","dateModified":"2024-10-10T09:48:07+00:00","breadcrumb":{"@id":"https:\/\/ferretto.com\/vertimag-e-protagonista-agli-industry-days-in-ungheria\/#breadcrumb"},"inLanguage":"es","potentialAction":[{"@type":"ReadAction","target":["https:\/\/ferretto.com\/vertimag-e-protagonista-agli-industry-days-in-ungheria\/"]}]},{"@type":"ImageObject","inLanguage":"es","@id":"https:\/\/ferretto.com\/vertimag-e-protagonista-agli-industry-days-in-ungheria\/#primaryimage","url":"https:\/\/ferretto.com\/wp-content\/uploads\/2023\/10\/Industry-days-ungheria.png","contentUrl":"https:\/\/ferretto.com\/wp-content\/uploads\/2023\/10\/Industry-days-ungheria.png","width":800,"height":600,"caption":"Industry Days 2023 Ungheria"},{"@type":"BreadcrumbList","@id":"https:\/\/ferretto.com\/vertimag-e-protagonista-agli-industry-days-in-ungheria\/#breadcrumb","itemListElement":[{"@type":"ListItem","position":1,"name":"Home","item":"https:\/\/ferretto.com\/"},{"@type":"ListItem","position":2,"name":"VERTIMAG ES PROTAGONISTA EN LA FERIA INDUSTRY DAYS DE HUNGR\u00cdA"}]},{"@type":"WebSite","@id":"https:\/\/ferretto.com\/#website","url":"https:\/\/ferretto.com\/","name":"Ferretto SPA","description":"","publisher":{"@id":"https:\/\/ferretto.com\/#organization"},"potentialAction":[{"@type":"SearchAction","target":{"@type":"EntryPoint","urlTemplate":"https:\/\/ferretto.com\/?s={search_term_string}"},"query-input":{"@type":"PropertyValueSpecification","valueRequired":true,"valueName":"search_term_string"}}],"inLanguage":"es"},{"@type":"Organization","@id":"https:\/\/ferretto.com\/#organization","name":"Ferretto SPA","url":"https:\/\/ferretto.com\/","logo":{"@type":"ImageObject","inLanguage":"es","@id":"https:\/\/ferretto.com\/#\/schema\/logo\/image\/","url":"https:\/\/ferretto.com\/wp-content\/uploads\/2024\/02\/FERRETTO-logo-orizz-con-payoff-col.png","contentUrl":"https:\/\/ferretto.com\/wp-content\/uploads\/2024\/02\/FERRETTO-logo-orizz-con-payoff-col.png","width":3190,"height":598,"caption":"Ferretto SPA"},"image":{"@id":"https:\/\/ferretto.com\/#\/schema\/logo\/image\/"}},{"@type":"Person","@id":"https:\/\/ferretto.com\/#\/schema\/person\/ec7d140166a8c5e6fcbd82a0b0775168","name":"ferrettogroup","url":"https:\/\/ferretto.com\/es\/author\/ferrettogroup\/"}]}},"_links":{"self":[{"href":"https:\/\/ferretto.com\/es\/wp-json\/wp\/v2\/posts\/2602","targetHints":{"allow":["GET"]}}],"collection":[{"href":"https:\/\/ferretto.com\/es\/wp-json\/wp\/v2\/posts"}],"about":[{"href":"https:\/\/ferretto.com\/es\/wp-json\/wp\/v2\/types\/post"}],"author":[{"embeddable":true,"href":"https:\/\/ferretto.com\/es\/wp-json\/wp\/v2\/users\/2"}],"replies":[{"embeddable":true,"href":"https:\/\/ferretto.com\/es\/wp-json\/wp\/v2\/comments?post=2602"}],"version-history":[{"count":6,"href":"https:\/\/ferretto.com\/es\/wp-json\/wp\/v2\/posts\/2602\/revisions"}],"predecessor-version":[{"id":10515,"href":"https:\/\/ferretto.com\/es\/wp-json\/wp\/v2\/posts\/2602\/revisions\/10515"}],"wp:featuredmedia":[{"embeddable":true,"href":"https:\/\/ferretto.com\/es\/wp-json\/wp\/v2\/media\/3419"}],"wp:attachment":[{"href":"https:\/\/ferretto.com\/es\/wp-json\/wp\/v2\/media?parent=2602"}],"wp:term":[{"taxonomy":"category","embeddable":true,"href":"https:\/\/ferretto.com\/es\/wp-json\/wp\/v2\/categories?post=2602"},{"taxonomy":"post_tag","embeddable":true,"href":"https:\/\/ferretto.com\/es\/wp-json\/wp\/v2\/tags?post=2602"}],"curies":[{"name":"wp","href":"https:\/\/api.w.org\/{rel}","templated":true}]}}