{"id":4477,"date":"2024-03-04T12:25:56","date_gmt":"2024-03-04T11:25:56","guid":{"rendered":"https:\/\/ferrettogroup.websitesimple.it\/blog\/e-commerce-perche-scegliere-un-magazzino-verticale\/"},"modified":"2024-10-11T09:22:08","modified_gmt":"2024-10-11T07:22:08","slug":"comercio-electronico-con-el-almacen-vertical-compacto","status":"publish","type":"blog","link":"https:\/\/ferretto.com\/es\/blog\/comercio-electronico-con-el-almacen-vertical-compacto\/","title":{"rendered":"Comercio electr\u00f3nico con el almac\u00e9n vertical compacto"},"content":{"rendered":"\n<h2 class=\"wp-block-heading\">Comercio electr\u00f3nico \u2013 Por qu\u00e9 es conveniente elegir un almac\u00e9n vertical compacto<\/h2>\n\n\n\n<p>El gran desarrollo de las compras online registrado en los \u00faltimos a\u00f1os y amplificado en muchos sectores durante la pandemia representa un nuevo desaf\u00edo tambi\u00e9n en log\u00edstica. En un mercado en el que cada vez m\u00e1s empresas operan con sistemas de comercio electr\u00f3nico, la competencia se juega tambi\u00e9n en nuevos terrenos que conciernen directamente el almac\u00e9n y su eficiencia: disponibilidad de los productos, rapidez de entrega, flexibilidad para gestionar los picos de pedidos. Por tanto, las empresas tienen que hacer frente a una log\u00edstica cada vez m\u00e1s \u00abjust in time\u00bb y, en este contexto, un almac\u00e9n vertical compacto puede marcar la diferencia. Veamos por qu\u00e9.<\/p>\n","protected":false},"featured_media":4187,"parent":0,"template":"","categorie":[],"class_list":["post-4477","blog","type-blog","status-publish","has-post-thumbnail","hentry"],"acf":[],"yoast_head":"<!-- This site is optimized with the Yoast SEO plugin v27.0 - https:\/\/yoast.com\/product\/yoast-seo-wordpress\/ -->\n<title>Comercio electr\u00f3nico con el almac\u00e9n vertical compacto - Ferretto SpA<\/title>\n<meta name=\"description\" content=\"Las empresas tienen que hacer frente a una log\u00edstica cada vez m\u00e1s \u00abjust in time\u00bb y un almac\u00e9n vertical compacto puede marcar la diferencia\" \/>\n<meta name=\"robots\" content=\"index, follow, max-snippet:-1, max-image-preview:large, max-video-preview:-1\" \/>\n<link rel=\"canonical\" href=\"https:\/\/ferretto.com\/blog\/magazzino-verticale-nelle-commerce\/\" \/>\n<meta property=\"og:locale\" content=\"es_ES\" \/>\n<meta property=\"og:type\" content=\"article\" \/>\n<meta property=\"og:title\" content=\"Comercio electr\u00f3nico con el almac\u00e9n vertical compacto - Ferretto SpA\" \/>\n<meta property=\"og:description\" content=\"Las empresas tienen que hacer frente a una log\u00edstica cada vez m\u00e1s \u00abjust in time\u00bb y un almac\u00e9n vertical compacto puede marcar la diferencia\" \/>\n<meta property=\"og:url\" content=\"https:\/\/ferretto.com\/blog\/magazzino-verticale-nelle-commerce\/\" \/>\n<meta property=\"og:site_name\" content=\"Ferretto SpA\" \/>\n<meta property=\"article:modified_time\" content=\"2024-10-11T07:22:08+00:00\" \/>\n<meta property=\"og:image\" content=\"https:\/\/ferretto.com\/wp-content\/uploads\/2024\/03\/magazzino-verticale-vertimag.jpg\" \/>\n\t<meta property=\"og:image:width\" content=\"1024\" \/>\n\t<meta property=\"og:image:height\" content=\"768\" \/>\n\t<meta property=\"og:image:type\" content=\"image\/jpeg\" \/>\n<meta name=\"twitter:card\" content=\"summary_large_image\" \/>\n<meta name=\"twitter:label1\" content=\"Tiempo de lectura\" \/>\n\t<meta name=\"twitter:data1\" content=\"1 minuto\" \/>\n<script type=\"application\/ld+json\" class=\"yoast-schema-graph\">{\"@context\":\"https:\/\/schema.org\",\"@graph\":[{\"@type\":\"WebPage\",\"@id\":\"https:\/\/ferretto.com\/blog\/magazzino-verticale-nelle-commerce\/\",\"url\":\"https:\/\/ferretto.com\/blog\/magazzino-verticale-nelle-commerce\/\",\"name\":\"Comercio electr\u00f3nico con el almac\u00e9n vertical compacto - Ferretto SpA\",\"isPartOf\":{\"@id\":\"https:\/\/ferretto.com\/#website\"},\"primaryImageOfPage\":{\"@id\":\"https:\/\/ferretto.com\/blog\/magazzino-verticale-nelle-commerce\/#primaryimage\"},\"image\":{\"@id\":\"https:\/\/ferretto.com\/blog\/magazzino-verticale-nelle-commerce\/#primaryimage\"},\"thumbnailUrl\":\"https:\/\/ferretto.com\/wp-content\/uploads\/2024\/03\/magazzino-verticale-vertimag.jpg\",\"datePublished\":\"2024-03-04T11:25:56+00:00\",\"dateModified\":\"2024-10-11T07:22:08+00:00\",\"description\":\"Las empresas tienen que hacer frente a una log\u00edstica cada vez m\u00e1s \u00abjust in time\u00bb y un almac\u00e9n vertical compacto puede marcar la diferencia\",\"breadcrumb\":{\"@id\":\"https:\/\/ferretto.com\/blog\/magazzino-verticale-nelle-commerce\/#breadcrumb\"},\"inLanguage\":\"es\",\"potentialAction\":[{\"@type\":\"ReadAction\",\"target\":[\"https:\/\/ferretto.com\/blog\/magazzino-verticale-nelle-commerce\/\"]}]},{\"@type\":\"ImageObject\",\"inLanguage\":\"es\",\"@id\":\"https:\/\/ferretto.com\/blog\/magazzino-verticale-nelle-commerce\/#primaryimage\",\"url\":\"https:\/\/ferretto.com\/wp-content\/uploads\/2024\/03\/magazzino-verticale-vertimag.jpg\",\"contentUrl\":\"https:\/\/ferretto.com\/wp-content\/uploads\/2024\/03\/magazzino-verticale-vertimag.jpg\",\"width\":1024,\"height\":768,\"caption\":\"Almac\u00e9n vertical o rotativo\"},{\"@type\":\"BreadcrumbList\",\"@id\":\"https:\/\/ferretto.com\/blog\/magazzino-verticale-nelle-commerce\/#breadcrumb\",\"itemListElement\":[{\"@type\":\"ListItem\",\"position\":1,\"name\":\"Home\",\"item\":\"https:\/\/ferretto.com\/\"},{\"@type\":\"ListItem\",\"position\":2,\"name\":\"Comercio electr\u00f3nico con el almac\u00e9n vertical compacto\"}]},{\"@type\":\"WebSite\",\"@id\":\"https:\/\/ferretto.com\/#website\",\"url\":\"https:\/\/ferretto.com\/\",\"name\":\"Ferretto SPA\",\"description\":\"\",\"publisher\":{\"@id\":\"https:\/\/ferretto.com\/#organization\"},\"potentialAction\":[{\"@type\":\"SearchAction\",\"target\":{\"@type\":\"EntryPoint\",\"urlTemplate\":\"https:\/\/ferretto.com\/?s={search_term_string}\"},\"query-input\":{\"@type\":\"PropertyValueSpecification\",\"valueRequired\":true,\"valueName\":\"search_term_string\"}}],\"inLanguage\":\"es\"},{\"@type\":\"Organization\",\"@id\":\"https:\/\/ferretto.com\/#organization\",\"name\":\"Ferretto SPA\",\"url\":\"https:\/\/ferretto.com\/\",\"logo\":{\"@type\":\"ImageObject\",\"inLanguage\":\"es\",\"@id\":\"https:\/\/ferretto.com\/#\/schema\/logo\/image\/\",\"url\":\"https:\/\/ferretto.com\/wp-content\/uploads\/2024\/02\/FERRETTO-logo-orizz-con-payoff-col.png\",\"contentUrl\":\"https:\/\/ferretto.com\/wp-content\/uploads\/2024\/02\/FERRETTO-logo-orizz-con-payoff-col.png\",\"width\":3190,\"height\":598,\"caption\":\"Ferretto SPA\"},\"image\":{\"@id\":\"https:\/\/ferretto.com\/#\/schema\/logo\/image\/\"}}]}<\/script>\n<!-- \/ Yoast SEO plugin. -->","yoast_head_json":{"title":"Comercio electr\u00f3nico con el almac\u00e9n vertical compacto - Ferretto SpA","description":"Las empresas tienen que hacer frente a una log\u00edstica cada vez m\u00e1s \u00abjust in time\u00bb y un almac\u00e9n vertical compacto puede marcar la diferencia","robots":{"index":"index","follow":"follow","max-snippet":"max-snippet:-1","max-image-preview":"max-image-preview:large","max-video-preview":"max-video-preview:-1"},"canonical":"https:\/\/ferretto.com\/blog\/magazzino-verticale-nelle-commerce\/","og_locale":"es_ES","og_type":"article","og_title":"Comercio electr\u00f3nico con el almac\u00e9n vertical compacto - Ferretto SpA","og_description":"Las empresas tienen que hacer frente a una log\u00edstica cada vez m\u00e1s \u00abjust in time\u00bb y un almac\u00e9n vertical compacto puede marcar la diferencia","og_url":"https:\/\/ferretto.com\/blog\/magazzino-verticale-nelle-commerce\/","og_site_name":"Ferretto SpA","article_modified_time":"2024-10-11T07:22:08+00:00","og_image":[{"width":1024,"height":768,"url":"https:\/\/ferretto.com\/wp-content\/uploads\/2024\/03\/magazzino-verticale-vertimag.jpg","type":"image\/jpeg"}],"twitter_card":"summary_large_image","twitter_misc":{"Tiempo de lectura":"1 minuto"},"schema":{"@context":"https:\/\/schema.org","@graph":[{"@type":"WebPage","@id":"https:\/\/ferretto.com\/blog\/magazzino-verticale-nelle-commerce\/","url":"https:\/\/ferretto.com\/blog\/magazzino-verticale-nelle-commerce\/","name":"Comercio electr\u00f3nico con el almac\u00e9n vertical compacto - Ferretto SpA","isPartOf":{"@id":"https:\/\/ferretto.com\/#website"},"primaryImageOfPage":{"@id":"https:\/\/ferretto.com\/blog\/magazzino-verticale-nelle-commerce\/#primaryimage"},"image":{"@id":"https:\/\/ferretto.com\/blog\/magazzino-verticale-nelle-commerce\/#primaryimage"},"thumbnailUrl":"https:\/\/ferretto.com\/wp-content\/uploads\/2024\/03\/magazzino-verticale-vertimag.jpg","datePublished":"2024-03-04T11:25:56+00:00","dateModified":"2024-10-11T07:22:08+00:00","description":"Las empresas tienen que hacer frente a una log\u00edstica cada vez m\u00e1s \u00abjust in time\u00bb y un almac\u00e9n vertical compacto puede marcar la diferencia","breadcrumb":{"@id":"https:\/\/ferretto.com\/blog\/magazzino-verticale-nelle-commerce\/#breadcrumb"},"inLanguage":"es","potentialAction":[{"@type":"ReadAction","target":["https:\/\/ferretto.com\/blog\/magazzino-verticale-nelle-commerce\/"]}]},{"@type":"ImageObject","inLanguage":"es","@id":"https:\/\/ferretto.com\/blog\/magazzino-verticale-nelle-commerce\/#primaryimage","url":"https:\/\/ferretto.com\/wp-content\/uploads\/2024\/03\/magazzino-verticale-vertimag.jpg","contentUrl":"https:\/\/ferretto.com\/wp-content\/uploads\/2024\/03\/magazzino-verticale-vertimag.jpg","width":1024,"height":768,"caption":"Almac\u00e9n vertical o rotativo"},{"@type":"BreadcrumbList","@id":"https:\/\/ferretto.com\/blog\/magazzino-verticale-nelle-commerce\/#breadcrumb","itemListElement":[{"@type":"ListItem","position":1,"name":"Home","item":"https:\/\/ferretto.com\/"},{"@type":"ListItem","position":2,"name":"Comercio electr\u00f3nico con el almac\u00e9n vertical compacto"}]},{"@type":"WebSite","@id":"https:\/\/ferretto.com\/#website","url":"https:\/\/ferretto.com\/","name":"Ferretto SPA","description":"","publisher":{"@id":"https:\/\/ferretto.com\/#organization"},"potentialAction":[{"@type":"SearchAction","target":{"@type":"EntryPoint","urlTemplate":"https:\/\/ferretto.com\/?s={search_term_string}"},"query-input":{"@type":"PropertyValueSpecification","valueRequired":true,"valueName":"search_term_string"}}],"inLanguage":"es"},{"@type":"Organization","@id":"https:\/\/ferretto.com\/#organization","name":"Ferretto SPA","url":"https:\/\/ferretto.com\/","logo":{"@type":"ImageObject","inLanguage":"es","@id":"https:\/\/ferretto.com\/#\/schema\/logo\/image\/","url":"https:\/\/ferretto.com\/wp-content\/uploads\/2024\/02\/FERRETTO-logo-orizz-con-payoff-col.png","contentUrl":"https:\/\/ferretto.com\/wp-content\/uploads\/2024\/02\/FERRETTO-logo-orizz-con-payoff-col.png","width":3190,"height":598,"caption":"Ferretto SPA"},"image":{"@id":"https:\/\/ferretto.com\/#\/schema\/logo\/image\/"}}]}},"_links":{"self":[{"href":"https:\/\/ferretto.com\/es\/wp-json\/wp\/v2\/blog\/4477","targetHints":{"allow":["GET"]}}],"collection":[{"href":"https:\/\/ferretto.com\/es\/wp-json\/wp\/v2\/blog"}],"about":[{"href":"https:\/\/ferretto.com\/es\/wp-json\/wp\/v2\/types\/blog"}],"wp:featuredmedia":[{"embeddable":true,"href":"https:\/\/ferretto.com\/es\/wp-json\/wp\/v2\/media\/4187"}],"wp:attachment":[{"href":"https:\/\/ferretto.com\/es\/wp-json\/wp\/v2\/media?parent=4477"}],"wp:term":[{"taxonomy":"categorie","embeddable":true,"href":"https:\/\/ferretto.com\/es\/wp-json\/wp\/v2\/categorie?post=4477"}],"curies":[{"name":"wp","href":"https:\/\/api.w.org\/{rel}","templated":true}]}}